{"id":34749,"date":"2020-07-08T08:50:11","date_gmt":"2020-07-08T06:50:11","guid":{"rendered":"https:\/\/www.conselharan.org\/se-reactive-era-convocatoria-publica-de-places-en-espitau-val-daran\/"},"modified":"2020-07-08T08:51:43","modified_gmt":"2020-07-08T06:51:43","slug":"se-reactive-era-convocatoria-publica-de-places-en-espitau-val-daran","status":"publish","type":"post","link":"https:\/\/www.conselharan.org\/ca\/se-reactive-era-convocatoria-publica-de-places-en-espitau-val-daran\/","title":{"rendered":"Es reactiva la convocat\u00f2ria p\u00fablica de places en el Espitau Val d&#8217;Aran"},"content":{"rendered":"<p><a href=\"https:\/\/www.conselharan.org\/wp-content\/uploads\/2020\/07\/Espitau-scaled.jpg\"><img loading=\"lazy\" decoding=\"async\" class=\"aligncenter wp-image-34741 size-large\" src=\"https:\/\/www.conselharan.org\/wp-content\/uploads\/2020\/07\/Espitau-1024x768.jpg\" alt=\"\" width=\"1024\" height=\"768\" srcset=\"https:\/\/www.conselharan.org\/wp-content\/uploads\/2020\/07\/Espitau-1024x768.jpg 1024w, https:\/\/www.conselharan.org\/wp-content\/uploads\/2020\/07\/Espitau-300x225.jpg 300w, https:\/\/www.conselharan.org\/wp-content\/uploads\/2020\/07\/Espitau-768x576.jpg 768w, https:\/\/www.conselharan.org\/wp-content\/uploads\/2020\/07\/Espitau-1536x1152.jpg 1536w, https:\/\/www.conselharan.org\/wp-content\/uploads\/2020\/07\/Espitau-2048x1536.jpg 2048w\" sizes=\"(max-width: 1024px) 100vw, 1024px\" \/><\/a><\/p>\n<ul>\n<li>\n<h3><strong>S&#8217;ha reactivat la convocat\u00f2ria de proves selectives per a la cobertura de 15 contractes indefinits per a la cobertura de 15 llocs de treball de la plantilla laboral de la societat Aran Salut, Servicis Assistenciaus Integradi, S.L que va quedar suspesa per la crisi provocada pel COVID-19<\/strong><\/h3>\n<\/li>\n<\/ul>\n<p>Aran Salut S.L. ha reobert el proc\u00e9s p\u00fablic de selecci\u00f3 de personal que va iniciar abans de la crisi del COVID-19 i que es va haver de paralitzar a causa de l&#8217;emerg\u00e8ncia sanit\u00e0ria.<\/p>\n<p>Les 15 places ofertes s\u00f3n:<\/p>\n<p>&nbsp;<\/p>\n<p>1 metge especialista en Atenci\u00f3 Prim\u00e0ria<\/p>\n<p>1 metge especialista en Cirurgia<\/p>\n<p>1 metge especialista en Ginecologia<\/p>\n<p>1 metge especialista en Traumatologia<\/p>\n<p>1 metge especialista en Anest\u00e8sia<\/p>\n<p>2 metges d&#8217;Urg\u00e8ncies<\/p>\n<p>1 infermer\/a Atenci\u00f3 Prim\u00e0ria<\/p>\n<p>2 infermer \/a hospitalitzaci\u00f3<\/p>\n<p>1 administratiu\/a d&#8217;Urg\u00e8ncies a temps parcial<\/p>\n<p>1 administratiu \/a Log\u00edstica Magatzem Farm\u00e0cia a temps parcial<\/p>\n<p>1 administratiu \/a Oficina T\u00e8cnica a temps parcial<\/p>\n<p>1 ajudant cuina<\/p>\n<p>1 Subaltern\/a Porta lliteres<\/p>\n<p>&nbsp;<\/p>\n<p><strong>El per\u00edode d&#8217;admissi\u00f3 de sol\u00b7licituds i documentaci\u00f3 finalitza el dilluns 13 de juliol a les 14.00 hores<\/strong>. Per a m\u00e9s informaci\u00f3 es pot consultar la <u><a href=\"http:\/\/www.aransalut.net\/as\/index.php\/es\/\">p\u00e0gina web d&#8217;Aran Salut S.L<\/a><\/u>.<\/p>\n ","protected":false},"excerpt":{"rendered":"<p>S&#8217;ha reactivat la convocat\u00f2ria de proves selectives per a la cobertura de 15 contractes indefinits per a la cobertura de 15 llocs de treball de la plantilla laboral de la societat Aran Salut, Servicis Assistenciaus Integradi, S.L que va quedar suspesa per la crisi provocada pel COVID-19 Aran Salut S.L. ha reobert el proc\u00e9s p\u00fablic&#8230;<\/p>\n","protected":false},"author":10,"featured_media":34742,"comment_status":"closed","ping_status":"closed","sticky":false,"template":"","format":"standard","meta":{"footnotes":""},"categories":[33,805],"tags":[],"_links":{"self":[{"href":"https:\/\/www.conselharan.org\/ca\/wp-json\/wp\/v2\/posts\/34749"}],"collection":[{"href":"https:\/\/www.conselharan.org\/ca\/wp-json\/wp\/v2\/posts"}],"about":[{"href":"https:\/\/www.conselharan.org\/ca\/wp-json\/wp\/v2\/types\/post"}],"author":[{"embeddable":true,"href":"https:\/\/www.conselharan.org\/ca\/wp-json\/wp\/v2\/users\/10"}],"replies":[{"embeddable":true,"href":"https:\/\/www.conselharan.org\/ca\/wp-json\/wp\/v2\/comments?post=34749"}],"version-history":[{"count":1,"href":"https:\/\/www.conselharan.org\/ca\/wp-json\/wp\/v2\/posts\/34749\/revisions"}],"predecessor-version":[{"id":34750,"href":"https:\/\/www.conselharan.org\/ca\/wp-json\/wp\/v2\/posts\/34749\/revisions\/34750"}],"wp:featuredmedia":[{"embeddable":true,"href":"https:\/\/www.conselharan.org\/ca\/wp-json\/wp\/v2\/media\/34742"}],"wp:attachment":[{"href":"https:\/\/www.conselharan.org\/ca\/wp-json\/wp\/v2\/media?parent=34749"}],"wp:term":[{"taxonomy":"category","embeddable":true,"href":"https:\/\/www.conselharan.org\/ca\/wp-json\/wp\/v2\/categories?post=34749"},{"taxonomy":"post_tag","embeddable":true,"href":"https:\/\/www.conselharan.org\/ca\/wp-json\/wp\/v2\/tags?post=34749"}],"curies":[{"name":"wp","href":"https:\/\/api.w.org\/{rel}","templated":true}]}}