{"id":35139,"date":"2020-07-17T09:13:50","date_gmt":"2020-07-17T07:13:50","guid":{"rendered":"https:\/\/www.conselharan.org\/aran-se-some-ara-prepausa-deth-pais-basc-e-asturies-ta-fomentar-ua-naua-economia-entas-pobles-petits-de-montanha\/"},"modified":"2020-07-17T10:16:21","modified_gmt":"2020-07-17T08:16:21","slug":"aran-se-some-ara-prepausa-deth-pais-basc-e-asturies-ta-fomentar-ua-naua-economia-entas-pobles-petits-de-montanha","status":"publish","type":"post","link":"https:\/\/www.conselharan.org\/ca\/aran-se-some-ara-prepausa-deth-pais-basc-e-asturies-ta-fomentar-ua-naua-economia-entas-pobles-petits-de-montanha\/","title":{"rendered":"Aran se suma a la proposta de Pa\u00eds Basc i Ast\u00faries per a fomentar una nova economia per als pobles petits de muntanya"},"content":{"rendered":"<p><a href=\"https:\/\/www.conselharan.org\/wp-content\/uploads\/2020\/07\/Arres-de-Jos.jpeg\"><img loading=\"lazy\" decoding=\"async\" class=\"aligncenter wp-image-35115 size-large\" src=\"https:\/\/www.conselharan.org\/wp-content\/uploads\/2020\/07\/Arres-de-Jos-1024x683.jpeg\" alt=\"\" width=\"1024\" height=\"683\" srcset=\"https:\/\/www.conselharan.org\/wp-content\/uploads\/2020\/07\/Arres-de-Jos-1024x683.jpeg 1024w, https:\/\/www.conselharan.org\/wp-content\/uploads\/2020\/07\/Arres-de-Jos-300x200.jpeg 300w, https:\/\/www.conselharan.org\/wp-content\/uploads\/2020\/07\/Arres-de-Jos-768x512.jpeg 768w, https:\/\/www.conselharan.org\/wp-content\/uploads\/2020\/07\/Arres-de-Jos-1536x1024.jpeg 1536w, https:\/\/www.conselharan.org\/wp-content\/uploads\/2020\/07\/Arres-de-Jos.jpeg 2048w\" sizes=\"(max-width: 1024px) 100vw, 1024px\" \/><\/a><\/p>\n<ul>\n<li>\n<h3><strong>El govern del Conselh Generau d\u2019Aran s&#8217;ha adherit al document de bases <em>Quina economia per als petits pobles?<\/em>, promogut per la Societat d&#8217;Estudis Bascos i el Comissionat per al repte demogr\u00e0fic del Govern d&#8217;Ast\u00faries, que pret\u00e9n ser la pedra angular d&#8217;un projecte de pa\u00eds que vol tenir molt en compte el patrimoni i aportaci\u00f3 d&#8217;aquests petits pobles al conjunt de muntanya<\/strong><\/h3>\n<\/li>\n<\/ul>\n<p>El govern del Conselh Generau d\u2019Aran s&#8217;ha adherit al document de bases, promogut per la Societat d&#8217;Estudis Bascos i el Comissionat per al repte demogr\u00e0fic del Govern d&#8217;Ast\u00faries, per a col\u00b7laborar en la <strong>recerca de solucions al problema de la despoblaci\u00f3 i l&#8217;abandonament rural<\/strong>. Aquesta adhesi\u00f3 va ser aprovada aquesta setmana per unanimitat al Ple del Conselh Generau.<\/p>\n<p>El <strong>s\u00edndic d&#8217;Aran, Franc\u00e9s Boya<\/strong>, afirma que aquest document, que porta com a t\u00edtol <strong><em>Quina economia per als petits pobles?<\/em><\/strong>, \u00e9s \u201cmolt important perqu\u00e8 ens ha de fer planejar-nos de quina forma podem reactivar les activitats econ\u00f2miques dels petits pobles, m\u00e9s concretament els de muntanya, que com ja sabem s\u00f3n llocs on la poblaci\u00f3 envelleix i on viu cada vegada menys gent jove\u201d, i afegeix que: \u201c<strong>aquest document pret\u00e9n ser la pedra angular d&#8217;un projecte de pa\u00eds que vol tenir molt en compte el patrimoni i aportaci\u00f3 d&#8217;aquests petits pobles al conjunt de la nostra Vall i al conjunt de la muntanya<\/strong>\u201d.<\/p>\n<p>Les bases de <em>Quina economia per als petits pobles?<\/em> apunten que la davallada socioecon\u00f2mica i demogr\u00e0fica dels petits pobles hauria d&#8217;abordar-se a partir de <strong>models econ\u00f2mics, culturals i socials de desenvolupament local<\/strong> que, a m\u00e9s de <strong>mobilitzar els recursos propis i promoure noves activitats<\/strong>, aposten per implicar-se en la <strong>lluita contra el canvi clim\u00e0tic i a favor de la transici\u00f3 ecol\u00f2gica<\/strong> i per superar les disfuncions provocades per la industrialitzaci\u00f3 i la concentraci\u00f3 urbana.<\/p>\n<p>De manera complement\u00e0ria a l&#8217;economia agroecol\u00f2gica hist\u00f2rica, les bases d&#8217;aquest document afirmen que <strong>els pobles poden i han d&#8217;acollir noves activitats empresarials i econ\u00f2miques no relacionades necess\u00e0riament amb la tradici\u00f3 i els recursos locals<\/strong>. Alhora, es contempla que l&#8217;arribada de nous habitants contribuir\u00e0 a un proc\u00e9s d&#8217;autodinamitzaci\u00f3 i generaci\u00f3 de noves empreses en l&#8217;\u00e0mbit dels serveis.<\/p>\n ","protected":false},"excerpt":{"rendered":"<p>El govern del Conselh Generau d\u2019Aran s&#8217;ha adherit al document de bases Quina economia per als petits pobles?, promogut per la Societat d&#8217;Estudis Bascos i el Comissionat per al repte demogr\u00e0fic del Govern d&#8217;Ast\u00faries, que pret\u00e9n ser la pedra angular d&#8217;un projecte de pa\u00eds que vol tenir molt en compte el patrimoni i aportaci\u00f3 d&#8217;aquests&#8230;<\/p>\n","protected":false},"author":10,"featured_media":35116,"comment_status":"closed","ping_status":"closed","sticky":false,"template":"","format":"standard","meta":{"footnotes":""},"categories":[53,800],"tags":[],"_links":{"self":[{"href":"https:\/\/www.conselharan.org\/ca\/wp-json\/wp\/v2\/posts\/35139"}],"collection":[{"href":"https:\/\/www.conselharan.org\/ca\/wp-json\/wp\/v2\/posts"}],"about":[{"href":"https:\/\/www.conselharan.org\/ca\/wp-json\/wp\/v2\/types\/post"}],"author":[{"embeddable":true,"href":"https:\/\/www.conselharan.org\/ca\/wp-json\/wp\/v2\/users\/10"}],"replies":[{"embeddable":true,"href":"https:\/\/www.conselharan.org\/ca\/wp-json\/wp\/v2\/comments?post=35139"}],"version-history":[{"count":2,"href":"https:\/\/www.conselharan.org\/ca\/wp-json\/wp\/v2\/posts\/35139\/revisions"}],"predecessor-version":[{"id":35141,"href":"https:\/\/www.conselharan.org\/ca\/wp-json\/wp\/v2\/posts\/35139\/revisions\/35141"}],"wp:featuredmedia":[{"embeddable":true,"href":"https:\/\/www.conselharan.org\/ca\/wp-json\/wp\/v2\/media\/35116"}],"wp:attachment":[{"href":"https:\/\/www.conselharan.org\/ca\/wp-json\/wp\/v2\/media?parent=35139"}],"wp:term":[{"taxonomy":"category","embeddable":true,"href":"https:\/\/www.conselharan.org\/ca\/wp-json\/wp\/v2\/categories?post=35139"},{"taxonomy":"post_tag","embeddable":true,"href":"https:\/\/www.conselharan.org\/ca\/wp-json\/wp\/v2\/tags?post=35139"}],"curies":[{"name":"wp","href":"https:\/\/api.w.org\/{rel}","templated":true}]}}