{"id":35665,"date":"2020-08-20T13:14:24","date_gmt":"2020-08-20T11:14:24","guid":{"rendered":"https:\/\/www.conselharan.org\/?p=35665"},"modified":"2020-08-24T11:37:29","modified_gmt":"2020-08-24T09:37:29","slug":"el-conselh-generau-limita-lacces-a-les-riberes-davant-els-col%c2%b7lapses","status":"publish","type":"post","link":"https:\/\/www.conselharan.org\/ca\/el-conselh-generau-limita-lacces-a-les-riberes-davant-els-col%c2%b7lapses\/","title":{"rendered":"El Conselh Generau limita l&#8217;acc\u00e9s a les riberes davant els col\u00b7lapses"},"content":{"rendered":"<p><a href=\"https:\/\/www.conselharan.org\/wp-content\/uploads\/2020\/08\/Acc\u00e8s_Artiga_Lin-scaled.jpg\"><img loading=\"lazy\" decoding=\"async\" class=\" wp-image-35666 aligncenter\" src=\"https:\/\/www.conselharan.org\/wp-content\/uploads\/2020\/08\/Acc\u00e8s_Artiga_Lin-300x225.jpg\" alt=\"\" width=\"574\" height=\"430\" srcset=\"https:\/\/www.conselharan.org\/wp-content\/uploads\/2020\/08\/Acc\u00e8s_Artiga_Lin-300x225.jpg 300w, https:\/\/www.conselharan.org\/wp-content\/uploads\/2020\/08\/Acc\u00e8s_Artiga_Lin-1024x768.jpg 1024w, https:\/\/www.conselharan.org\/wp-content\/uploads\/2020\/08\/Acc\u00e8s_Artiga_Lin-768x576.jpg 768w, https:\/\/www.conselharan.org\/wp-content\/uploads\/2020\/08\/Acc\u00e8s_Artiga_Lin-1536x1152.jpg 1536w, https:\/\/www.conselharan.org\/wp-content\/uploads\/2020\/08\/Acc\u00e8s_Artiga_Lin-2048x1536.jpg 2048w\" sizes=\"(max-width: 574px) 100vw, 574px\" \/><\/a><\/p>\n<ul>\n<li><strong>S<\/strong><strong>&#8216;estableixen controls d&#8217;acc\u00e9s en totes les riberes de la Val d\u2019Aran, a partir d&#8217;avui dijous fins al dissabte 22 d&#8217;agost, a on hi haur\u00e0 personal de la brigada del Conselh Generau per aix\u00ed limitar l&#8217;acc\u00e9s a partir del moment en qu\u00e8 els p\u00e0rquings estiguin plens<\/strong><\/li>\n<\/ul>\n<p>El\u00a0Conselh\u00a0Generau\u00a0d\u2019Aran presa aquesta mesura de manera urgent davant de la massiva aflu\u00e8ncia de vehicles en determinats espais naturals on di\u00e0riament es produeixen aglomeracions. Els entorns on s&#8217;aplicaran les limitacions de\u00a0p\u00e0rquing\u00a0s\u00f3n:<\/p>\n<ul>\n<li>Era\u00a0Bassa\u00a0d\u2019Oles \u2013 2 efectius de la brigada<\/li>\n<li>Era Artiga de Lin \u2013 2 efectius de la brigada<\/li>\n<li>Eth\u00a0Varrad\u00f2s \u2013 2 efectius de la brigada<\/li>\n<li>Bausen \u2013 1 efectiu de la brigada<\/li>\n<li>Aiguam\u00f2g \u2013 1 efectiu de la brigada<\/li>\n<\/ul>\n<p>El principal objectiu d&#8217;aquesta decisi\u00f3 \u00e9s garantir la seguretat dels visitants i mantenir la imatge que ofereix el nostre territori, aix\u00ed com preservar la sostenibilitat d&#8217;aquests espais naturals.<\/p>\n<p>Tant \u00e9s aix\u00ed, que una vegada el p\u00e0rquing est\u00e0 complet, amb la pres\u00e8ncia del personal de la brigada del Conselh Generau es procedir\u00e0 a tancar el pas de m\u00e9s vehicles, i a mesura que els visitants vagin sortint del p\u00e0rquing, els efectius de la brigada permetran el pas a nous vehicles. Nom\u00e9s es deixar\u00e0 passar a aquelles persones que desenvolupin alguna activitat econ\u00f2mica a la zona o que pernoctin en algun d&#8217;aquests punts.<\/p>\n<p>En els Banhs de Tred\u00f2s i en la Val de Varrad\u00f2s ja s&#8217;est\u00e0 treballant en un projecte pilot de limitaci\u00f3 d&#8217;acc\u00e9s mitjan\u00e7ant l&#8217;instal\u00b7laci\u00f3 de sensors de comptabilitat de vehicles que indiquen si hi ha places disponibles als p\u00e0rquings. Aquest \u00e9s, ara per ara, un sistema tecnol\u00f2gic pilot, desenvolupat amb l&#8217;empresa d&#8217;enginyeria aranesa Arantec, especialitzada en sistemes de control i protecci\u00f3 del medi natural.<\/p>\n<p>Aquest projecte forma part dels Plans d&#8217;acc\u00e9s al Medi natural en els quals actualment treballen els t\u00e8cnics del Conselh Generau, que estudien i recullen diverses opcions per a donar soluci\u00f3 a la sobrec\u00e0rrega de determinades zones tur\u00edstiques de la Val d&#8217;Aran.<br \/>\nAquest projecte forma part dels Plans d&#8217;acc\u00e9s al Medi natural en els quals actualment treballen els t\u00e8cnics del\u00a0Conselh\u00a0Generau, que estudien i recullen diverses opcions per a donar soluci\u00f3 a la sobrec\u00e0rrega de determinades zones tur\u00edstiques de la Val d&#8217;Aran.<\/p>\n ","protected":false},"excerpt":{"rendered":"<p>S&#8216;estableixen controls d&#8217;acc\u00e9s en totes les riberes de la Val d\u2019Aran, a partir d&#8217;avui dijous fins al dissabte 22 d&#8217;agost, a on hi haur\u00e0 personal de la brigada del Conselh Generau per aix\u00ed limitar l&#8217;acc\u00e9s a partir del moment en qu\u00e8 els p\u00e0rquings estiguin plens El\u00a0Conselh\u00a0Generau\u00a0d\u2019Aran presa aquesta mesura de manera urgent davant de la&#8230;<\/p>\n","protected":false},"author":10,"featured_media":35666,"comment_status":"closed","ping_status":"closed","sticky":false,"template":"","format":"standard","meta":{"footnotes":""},"categories":[53,139],"tags":[],"_links":{"self":[{"href":"https:\/\/www.conselharan.org\/ca\/wp-json\/wp\/v2\/posts\/35665"}],"collection":[{"href":"https:\/\/www.conselharan.org\/ca\/wp-json\/wp\/v2\/posts"}],"about":[{"href":"https:\/\/www.conselharan.org\/ca\/wp-json\/wp\/v2\/types\/post"}],"author":[{"embeddable":true,"href":"https:\/\/www.conselharan.org\/ca\/wp-json\/wp\/v2\/users\/10"}],"replies":[{"embeddable":true,"href":"https:\/\/www.conselharan.org\/ca\/wp-json\/wp\/v2\/comments?post=35665"}],"version-history":[{"count":1,"href":"https:\/\/www.conselharan.org\/ca\/wp-json\/wp\/v2\/posts\/35665\/revisions"}],"predecessor-version":[{"id":35669,"href":"https:\/\/www.conselharan.org\/ca\/wp-json\/wp\/v2\/posts\/35665\/revisions\/35669"}],"wp:featuredmedia":[{"embeddable":true,"href":"https:\/\/www.conselharan.org\/ca\/wp-json\/wp\/v2\/media\/35666"}],"wp:attachment":[{"href":"https:\/\/www.conselharan.org\/ca\/wp-json\/wp\/v2\/media?parent=35665"}],"wp:term":[{"taxonomy":"category","embeddable":true,"href":"https:\/\/www.conselharan.org\/ca\/wp-json\/wp\/v2\/categories?post=35665"},{"taxonomy":"post_tag","embeddable":true,"href":"https:\/\/www.conselharan.org\/ca\/wp-json\/wp\/v2\/tags?post=35665"}],"curies":[{"name":"wp","href":"https:\/\/api.w.org\/{rel}","templated":true}]}}