{"id":35811,"date":"2020-08-26T14:49:06","date_gmt":"2020-08-26T12:49:06","guid":{"rendered":"https:\/\/www.conselharan.org\/eth-conselh-generau-daran-premanis-un-seteme-damb-mes-dun-centeat-dactivitats-centrades-en-suenh-dera-salut\/"},"modified":"2020-08-26T14:52:11","modified_gmt":"2020-08-26T12:52:11","slug":"eth-conselh-generau-daran-premanis-un-seteme-damb-mes-dun-centeat-dactivitats-centrades-en-suenh-dera-salut","status":"publish","type":"post","link":"https:\/\/www.conselharan.org\/ca\/eth-conselh-generau-daran-premanis-un-seteme-damb-mes-dun-centeat-dactivitats-centrades-en-suenh-dera-salut\/","title":{"rendered":"El Conselh Generau d\u2019Aran prepara un setembre amb m\u00e9s d&#8217;un centenar d&#8217;activitats centrades en la salut"},"content":{"rendered":"<p><a href=\"https:\/\/www.conselharan.org\/wp-content\/uploads\/2020\/08\/bienestar-_DSC4296.jpg\"><img loading=\"lazy\" decoding=\"async\" class=\"aligncenter wp-image-35800 size-large\" src=\"https:\/\/www.conselharan.org\/wp-content\/uploads\/2020\/08\/bienestar-_DSC4296-1024x682.jpg\" alt=\"\" width=\"1024\" height=\"682\" srcset=\"https:\/\/www.conselharan.org\/wp-content\/uploads\/2020\/08\/bienestar-_DSC4296-1024x682.jpg 1024w, https:\/\/www.conselharan.org\/wp-content\/uploads\/2020\/08\/bienestar-_DSC4296-300x200.jpg 300w, https:\/\/www.conselharan.org\/wp-content\/uploads\/2020\/08\/bienestar-_DSC4296-768x512.jpg 768w, https:\/\/www.conselharan.org\/wp-content\/uploads\/2020\/08\/bienestar-_DSC4296.jpg 1400w\" sizes=\"(max-width: 1024px) 100vw, 1024px\" \/><\/a><\/p>\n<ul>\n<li>\n<h3><strong>Amb l&#8217;objectiu de dinamitzar el mes de setembre i apostar per un turisme de benestar, la Val d&#8217;Aran comptar\u00e0 amb una \u00e0mplia oferta d&#8217;activitats beneficioses per a la salut (ioga, taitx\u00ed, txikung, dansa urbana i moltes m\u00e9s) i destinades a persones de totes les edats i condicions<\/strong><\/h3>\n<\/li>\n<\/ul>\n<p>Per al mes de setembre el Conselh Generau d\u2019Aran, a trav\u00e9s de Foment Torisme Val d&#8217;Aran, ha organitzat una completa agenda amb m\u00e9s de cent activitats centrades en el benestar dirigides tant a visitants com a ve\u00efns i ve\u00efnes del territori, amb l&#8217;objectiu de consolidar Aran com una destinaci\u00f3 saludable, perfecta per a agafar forces i renovar cos i ment.<\/p>\n<p>Comptant amb l&#8217;entorn m\u00e9s saludable com a escenari, durant el mes que ve es duran a terme sessions de ioga integral, ioga per a gent gran, hatha vinyasa, biogroove, txikung, kundalini, pranayama, taitx\u00ed, ioga en fam\u00edlia, ioga per a nens i nenes i dansa urbana. S&#8217;han programat tamb\u00e9 diversos tallers de cuina saludable, astrologia, meditaci\u00f3, contes i cants.<\/p>\n<p>A m\u00e9s, cada dia tindr\u00e0 lloc una sortida per rutes emblem\u00e0tiques de la Val d&#8217;Aran com Uelhs deth Jo\u00e8u, Artiga de Lin i Pomero, Salard\u00fa, ermita de Corilha i Gessa, Banys de Tred\u00f2s, cova de Boss\u00f2st, bosc de Conangles, Aiguam\u00f2g&#8230;<\/p>\n<p><a href=\"https:\/\/www.conselharan.org\/wp-content\/uploads\/2020\/08\/bienestar-_DSC4315.jpg\"><img loading=\"lazy\" decoding=\"async\" class=\"aligncenter wp-image-35803 size-large\" src=\"https:\/\/www.conselharan.org\/wp-content\/uploads\/2020\/08\/bienestar-_DSC4315-1024x682.jpg\" alt=\"\" width=\"1024\" height=\"682\" srcset=\"https:\/\/www.conselharan.org\/wp-content\/uploads\/2020\/08\/bienestar-_DSC4315-1024x682.jpg 1024w, https:\/\/www.conselharan.org\/wp-content\/uploads\/2020\/08\/bienestar-_DSC4315-300x200.jpg 300w, https:\/\/www.conselharan.org\/wp-content\/uploads\/2020\/08\/bienestar-_DSC4315-768x512.jpg 768w, https:\/\/www.conselharan.org\/wp-content\/uploads\/2020\/08\/bienestar-_DSC4315.jpg 1400w\" sizes=\"(max-width: 1024px) 100vw, 1024px\" \/><\/a><\/p>\n<p>Per a dur a terme totes aquestes activitats, \u201ccomptarem amb la col\u00b7laboraci\u00f3 de grans especialistes en cadascuna d&#8217;aquestes modalitats, per\u00f2 tamb\u00e9 amb altres professionals com a fisioterapeutes, oste\u00f2pates i altres que oferiran serveis de benestar de manera individual\u201d, afirma el conseller d&#8217;Economia, Turisme i Promoci\u00f3 Econ\u00f2mica, Juan Antonio Serrano, afegint que: \u201cvolem dinamitzar el mes de setembre demostrant que som un territori saludable, amb un entorn net i descongestionat i amb una \u00e0mplia oferta d&#8217;activitats i ter\u00e0pies naturals\u201d.<\/p>\n<p>\u201cL&#8217;entorn natural de la Val d&#8217;Aran ofereix infinites possibilitats i pensem que, ara m\u00e9s que mai, la gent \u00e9s conscient de la import\u00e0ncia de la salut\u201d, apunta el conseller d&#8217;Economia, Turisme i Promoci\u00f3 Econ\u00f2mica, Josep Canut: \u201camb aquest mes del benestar complementarem les activitats f\u00edsiques, de relaxaci\u00f3 i connexi\u00f3 amb un mateix, amb els nostres paisatges, gastronomia i patrimoni per a incrementar els resultats d&#8217;aquesta experi\u00e8ncia \u00fanica\u201d.<\/p>\n ","protected":false},"excerpt":{"rendered":"<p>Amb l&#8217;objectiu de dinamitzar el mes de setembre i apostar per un turisme de benestar, la Val d&#8217;Aran comptar\u00e0 amb una \u00e0mplia oferta d&#8217;activitats beneficioses per a la salut (ioga, taitx\u00ed, txikung, dansa urbana i moltes m\u00e9s) i destinades a persones de totes les edats i condicions Per al mes de setembre el Conselh Generau&#8230;<\/p>\n","protected":false},"author":10,"featured_media":35801,"comment_status":"closed","ping_status":"closed","sticky":false,"template":"","format":"standard","meta":{"footnotes":""},"categories":[53,139],"tags":[],"_links":{"self":[{"href":"https:\/\/www.conselharan.org\/ca\/wp-json\/wp\/v2\/posts\/35811"}],"collection":[{"href":"https:\/\/www.conselharan.org\/ca\/wp-json\/wp\/v2\/posts"}],"about":[{"href":"https:\/\/www.conselharan.org\/ca\/wp-json\/wp\/v2\/types\/post"}],"author":[{"embeddable":true,"href":"https:\/\/www.conselharan.org\/ca\/wp-json\/wp\/v2\/users\/10"}],"replies":[{"embeddable":true,"href":"https:\/\/www.conselharan.org\/ca\/wp-json\/wp\/v2\/comments?post=35811"}],"version-history":[{"count":2,"href":"https:\/\/www.conselharan.org\/ca\/wp-json\/wp\/v2\/posts\/35811\/revisions"}],"predecessor-version":[{"id":35813,"href":"https:\/\/www.conselharan.org\/ca\/wp-json\/wp\/v2\/posts\/35811\/revisions\/35813"}],"wp:featuredmedia":[{"embeddable":true,"href":"https:\/\/www.conselharan.org\/ca\/wp-json\/wp\/v2\/media\/35801"}],"wp:attachment":[{"href":"https:\/\/www.conselharan.org\/ca\/wp-json\/wp\/v2\/media?parent=35811"}],"wp:term":[{"taxonomy":"category","embeddable":true,"href":"https:\/\/www.conselharan.org\/ca\/wp-json\/wp\/v2\/categories?post=35811"},{"taxonomy":"post_tag","embeddable":true,"href":"https:\/\/www.conselharan.org\/ca\/wp-json\/wp\/v2\/tags?post=35811"}],"curies":[{"name":"wp","href":"https:\/\/api.w.org\/{rel}","templated":true}]}}