{"id":35859,"date":"2020-08-29T11:18:02","date_gmt":"2020-08-29T09:18:02","guid":{"rendered":"https:\/\/www.conselharan.org\/eth-conselh-generau-daran-met-en-foncionament-un-nau-sistema-de-reserves-entas-museus-dera-val-daran\/"},"modified":"2020-08-29T11:19:11","modified_gmt":"2020-08-29T09:19:11","slug":"eth-conselh-generau-daran-met-en-foncionament-un-nau-sistema-de-reserves-entas-museus-dera-val-daran","status":"publish","type":"post","link":"https:\/\/www.conselharan.org\/ca\/eth-conselh-generau-daran-met-en-foncionament-un-nau-sistema-de-reserves-entas-museus-dera-val-daran\/","title":{"rendered":"El Conselh Generau d\u2019Aran posa en funcionament un nou sistema de reserves per als museus de la Val d&#8217;Aran"},"content":{"rendered":"<p><a href=\"https:\/\/www.conselharan.org\/wp-content\/uploads\/2020\/08\/Rese\u0300rva-mo\u0300vil.png\"><img loading=\"lazy\" decoding=\"async\" class=\"aligncenter wp-image-35854 size-large\" src=\"https:\/\/www.conselharan.org\/wp-content\/uploads\/2020\/08\/Rese\u0300rva-mo\u0300vil-727x1024.png\" alt=\"\" width=\"727\" height=\"1024\" srcset=\"https:\/\/www.conselharan.org\/wp-content\/uploads\/2020\/08\/Rese\u0300rva-mo\u0300vil-727x1024.png 727w, https:\/\/www.conselharan.org\/wp-content\/uploads\/2020\/08\/Rese\u0300rva-mo\u0300vil-213x300.png 213w, https:\/\/www.conselharan.org\/wp-content\/uploads\/2020\/08\/Rese\u0300rva-mo\u0300vil-768x1082.png 768w, https:\/\/www.conselharan.org\/wp-content\/uploads\/2020\/08\/Rese\u0300rva-mo\u0300vil-1090x1536.png 1090w, https:\/\/www.conselharan.org\/wp-content\/uploads\/2020\/08\/Rese\u0300rva-mo\u0300vil.png 1240w\" sizes=\"(max-width: 727px) 100vw, 727px\" \/><\/a><\/p>\n<ul>\n<li>\n<h3><strong>El govern d&#8217;Aran, a trav\u00e9s de Mus\u00e8us Val d&#8217;Aran, ha posat en funcionament aquest nou sistema que t\u00e9 com a principal objectiu establir un control efectiu en el aforament de totes les seves instal\u00b7lacions per a evitar les aglomeracions en les diferents visites i activitats<\/strong><\/h3>\n<\/li>\n<\/ul>\n<p>El Conselh Generau d\u2019Aran, a trav\u00e9s de Mus\u00e8us Val d&#8217;Aran, ha posat en funcionament un nou sistema de reserves que permet comprar en l\u00ednia les entrades d&#8217;una forma m\u00e9s c\u00f2moda, r\u00e0pida i segura.<\/p>\n<p>Un dels objectius principals d&#8217;aquest sistema de reserves \u00e9s establir un control efectiu en l&#8217;aforament de totes les seves instal\u00b7lacions per a evitar les aglomeracions en les diferents visites i activitats.<\/p>\n<p>A m\u00e9s, aquesta plataforma digital servir\u00e0 per a donar a con\u00e8ixer l&#8217;oferta cultural que ofereix Mus\u00e8us Val d&#8217;Aran, al mateix temps que permet donar una \u00e0mplia informaci\u00f3 de tots els seus equipaments i de les activitats que duran a terme al llarg de tot l&#8217;any. Dins del portal, els visitants es podran descarregar els horaris de cada temporada, les mesures per a la prevenci\u00f3 de la COVID-19, per\u00f2 tamb\u00e9 tenir un primer contacte amb els equipaments a visitar, podent accedir a continguts audiovisuals d&#8217;aquests mateixos.<\/p>\n<p><strong><u>D&#8217;una forma molt intu\u00eftiva podem fer la nostra reserva. Com?<\/u><\/strong><\/p>\n<p>En primer lloc, es troben quatre categories: Museus, Rom\u00e0nic, Activitats i Novetats. Cal seleccionar una i s&#8217;obriran els recursos culturals oferts en aquest moment. Dins de l&#8217;equipament triat, seleccionarem el dia i l&#8217;hora de la visita, aix\u00ed com el nombre de persones en funci\u00f3 de la mena d&#8217;entrada (normal o redu\u00efda). Tot seguit, cal registrar-se, validar el nostre usuari i, una vegada fet aix\u00f2, es procedeix al pagament. Aquest pagament en l\u00ednia \u00e9s 100% segur i permetr\u00e0 formalitzar la reserva i aconseguir el \u201cbonus\u201d amb tota la informaci\u00f3 necess\u00e0ria per a realitzar la visita. Caldr\u00e0 presentar aquest \u201cbonus\u201d en format digital en l&#8217;entrada de la instal\u00b7laci\u00f3.<\/p>\n<p>Aquesta iniciativa s&#8217;ha creat en els \u00faltims mesos per la necessitat de desenvolupar una millor gesti\u00f3 de l&#8217;aforament en els equipaments de la xarxa de Museus de la Vall d&#8217;Aran, en un moment en el qual la dist\u00e0ncia social \u00e9s imprescindible. Aquesta mesura tamb\u00e9 pret\u00e9n evitar, en la mesura que sigui possible, l&#8217;intercanvi de diners en efectiu. En aquesta l\u00ednia, des del Museu de la Val d&#8217;Aran es treballa des de fa alguns mesos en la implementaci\u00f3 de la plataforma que ja \u00e9s una realitat.<\/p>\n<p>Ja podeu visitar i reservar en l\u00ednia en el seg\u00fcent enlla\u00e7: <a href=\"http:\/\/museus.conselharan.org\">http:\/\/museus.conselharan.org<\/a><\/p>\n ","protected":false},"excerpt":{"rendered":"<p>El govern d&#8217;Aran, a trav\u00e9s de Mus\u00e8us Val d&#8217;Aran, ha posat en funcionament aquest nou sistema que t\u00e9 com a principal objectiu establir un control efectiu en el aforament de totes les seves instal\u00b7lacions per a evitar les aglomeracions en les diferents visites i activitats El Conselh Generau d\u2019Aran, a trav\u00e9s de Mus\u00e8us Val d&#8217;Aran,&#8230;<\/p>\n","protected":false},"author":10,"featured_media":35855,"comment_status":"closed","ping_status":"closed","sticky":false,"template":"","format":"standard","meta":{"footnotes":""},"categories":[794,33],"tags":[],"_links":{"self":[{"href":"https:\/\/www.conselharan.org\/ca\/wp-json\/wp\/v2\/posts\/35859"}],"collection":[{"href":"https:\/\/www.conselharan.org\/ca\/wp-json\/wp\/v2\/posts"}],"about":[{"href":"https:\/\/www.conselharan.org\/ca\/wp-json\/wp\/v2\/types\/post"}],"author":[{"embeddable":true,"href":"https:\/\/www.conselharan.org\/ca\/wp-json\/wp\/v2\/users\/10"}],"replies":[{"embeddable":true,"href":"https:\/\/www.conselharan.org\/ca\/wp-json\/wp\/v2\/comments?post=35859"}],"version-history":[{"count":1,"href":"https:\/\/www.conselharan.org\/ca\/wp-json\/wp\/v2\/posts\/35859\/revisions"}],"predecessor-version":[{"id":35860,"href":"https:\/\/www.conselharan.org\/ca\/wp-json\/wp\/v2\/posts\/35859\/revisions\/35860"}],"wp:featuredmedia":[{"embeddable":true,"href":"https:\/\/www.conselharan.org\/ca\/wp-json\/wp\/v2\/media\/35855"}],"wp:attachment":[{"href":"https:\/\/www.conselharan.org\/ca\/wp-json\/wp\/v2\/media?parent=35859"}],"wp:term":[{"taxonomy":"category","embeddable":true,"href":"https:\/\/www.conselharan.org\/ca\/wp-json\/wp\/v2\/categories?post=35859"},{"taxonomy":"post_tag","embeddable":true,"href":"https:\/\/www.conselharan.org\/ca\/wp-json\/wp\/v2\/tags?post=35859"}],"curies":[{"name":"wp","href":"https:\/\/api.w.org\/{rel}","templated":true}]}}