{"id":3628,"date":"2014-05-16T13:40:46","date_gmt":"2014-05-16T11:40:46","guid":{"rendered":"http:\/\/www.conselharan.org\/?p=3628"},"modified":"2014-05-16T13:40:46","modified_gmt":"2014-05-16T11:40:46","slug":"el-conselh-generau-daran-dona-suport-a-les-ajudes-pels-estudiants-universitarises-daran-pel-curs-20132014","status":"publish","type":"post","link":"https:\/\/www.conselharan.org\/ca\/el-conselh-generau-daran-dona-suport-a-les-ajudes-pels-estudiants-universitarises-daran-pel-curs-20132014\/","title":{"rendered":"El Conselh Generau d\u2019Aran d\u00f3na suport a les ajudes pels estudiants universitaris\/es d\u2019Aran pel Curs 2013\/2014"},"content":{"rendered":"<p><a href=\"http:\/\/www.conselharan.org\/wp-content\/uploads\/2014\/05\/graduation.jpg\"><img loading=\"lazy\" decoding=\"async\" class=\"aligncenter size-large wp-image-3626\" alt=\"graduation\" src=\"http:\/\/www.conselharan.org\/wp-content\/uploads\/2014\/05\/graduation-1024x682.jpg\" width=\"1024\" height=\"682\" srcset=\"https:\/\/www.conselharan.org\/wp-content\/uploads\/2014\/05\/graduation-1024x682.jpg 1024w, https:\/\/www.conselharan.org\/wp-content\/uploads\/2014\/05\/graduation-300x199.jpg 300w\" sizes=\"(max-width: 1024px) 100vw, 1024px\" \/><\/a><\/p>\n<p>El Conselh Generau d\u2019Aran, mitjan\u00e7ant l&#8217;Oficina de Joventut, donar\u00e0 suport a la convocat\u00f2ria de les ajudes pels estudiants universitaris de la Val d\u2019Aran (APA).<\/p>\n<p>Aquestes ajudes es concediran per la mobilitat, aquesta mobilitat es compr\u00e8n com despla\u00e7ament i allotjament fora de la comarca on es t\u00e9 resid\u00e8ncia familiar. Poden ser-ne beneficiaris els estudiants que compleixin els requisits que seguissin:<\/p>\n<p><strong>Requisits generals:<\/strong><\/p>\n<p>1. Tenir la nacionalitat espanyola o d&#8217;algun estat membre de la Uni\u00f3 Europea. En cas dels estudiants estrangers no- comunitaris tenen d\u2019acreditar la seva condici\u00f3 de residents.<\/p>\n<p>2. Viure a una de la set comarques: Aran, Alt Urgell, Alta Ribagor\u00e7a, Cerdanya, Pallars Juss\u00e0, Pallars Sobir\u00e0 i Solson\u00e8s, com m\u00ednim des del 1 de gener de 2011.<\/p>\n<p><strong>Requisits acad\u00e8mics:<\/strong><\/p>\n<p>1. Estar matriculat en una universitat catalana en el curs 2013-2014, en uns estudis encaminats a l&#8217;obtenci\u00f3 d\u2019un t\u00edtol oficial de grau, de llicenciatura, d\u2019enginyeria, d\u2019arquitectura, de diplomatura o d\u2019ensenyaments universitaris t\u00e8cnics.<\/p>\n<p>2. Estar matriculat en uns estudis que s\u2019imparteixin de manera presencial.<\/p>\n<p>3. Estar matriculat, en el curs actual de:<\/p>\n<p>&#8211; Un m\u00ednim de 60 cr\u00e8dits en la matr\u00edcula per curs complet en els estudis de grau o 55 en la resta d\u2019estudis.<\/p>\n<p>&#8211; Un m\u00ednim de 30 cr\u00e8dits en la matr\u00edcula semestral en els estudis de grau o 27,5 en la resta d\u2019estudis.<\/p>\n<p>4. Tenir despassat el 80% dels cr\u00e8dits matriculats en el curs anterior o de l&#8217;\u00faltim curs cursat en els ensenyaments no- t\u00e8cnics (branques de coneixement d\u2019arts i humanitats, ci\u00e8ncies, ci\u00e8ncies de la salut i ci\u00e8ncies socials i jur\u00eddiques) i el 60%, en cas dels ensenyaments t\u00e8cnics (branques de coneixement d\u2019enginyeria i arquitectura), nom\u00e9s en cas de les persones sol\u2022licitants que no inicien pel primer cop estudis universitaris el curs 2013-2014).<\/p>\n<p>5. Romanen exclosos d\u2019aquesta convocat\u00f2ria les persones que tinguin alguna titulaci\u00f3 universit\u00e0ria superior i les persones que tinguin la independ\u00e8ncia familiar i econ\u00f2mica de la seva unitat familiar.<\/p>\n<p><strong>Requisits econ\u00f2mics:<\/strong><\/p>\n<p>Cal no sobrepassar els l\u00edmits de renda familiar disponible i de patrimoni establert.<br \/>\nL&#8217;import m\u00e0xim per cada ajuda ser\u00e0 2.000 euros.<\/p>\n<p><strong>Sol\u2022licituds i documentaci\u00f3:<\/strong><\/p>\n<p>La sol\u2022licitud ha de completar-se mitjan\u00e7ant el formulari accessible via internet a trav\u00e9s de la seu electr\u00f2nica del Departament en l&#8217;adre\u00e7a http:\/\/www.gencat.cat\/ovt.<\/p>\n<p><strong>La documentaci\u00f3 ha adjuntar:<\/strong><\/p>\n<p>&#8211; Fotoc\u00f2pia del document nacional d&#8217;identitat del\/de la sol\u2022licitant i de tots els membres computables de la unitat familiar majors de 14 anys.<\/p>\n<p>&#8211; N\u00famero del compte bancari de la persona sol\u2022licitant.<\/p>\n<p>&#8211; Certificat municipal de conviv\u00e8ncia on consta la data d\u2019alta del padr\u00f3 de la persona sol\u2022licitant en un municipi de les comarques esmentades, almenys des de l\u20191 de gener de 2011. En el cas que les persones s&#8217;hagin empadronat posteriorment a l\u20191 de gener de 2011, a m\u00e9s del certificat de conviv\u00e8ncia on consta la data d\u2019alta del padr\u00f3 municipal de tota la unitat familiar, cal presentar la documentaci\u00f3 acreditativa del centre d&#8217;ensenyament on la persona sol\u2022licitant ha estudiat el curs 2011-2012 i\/o qualsevol alta documentaci\u00f3 que sigui acreditativa d&#8217;aquesta circumst\u00e0ncia.<\/p>\n<p>&#8211; Fotoc\u00f2pia de l&#8217;impr\u00e8s de la matr\u00edcula universit\u00e0ria corresponent al curs 2013-2014 amb l&#8217;acreditaci\u00f3 que s&#8217;ha fet efectiu el pagament. Si s&#8217;ha optat per matr\u00edcula semestral, cal presentar la dels dos semestres.<\/p>\n<p>&#8211; Fotoc\u00f2pia de l&#8217;impr\u00e8s de la matr\u00edcula universit\u00e0ria corresponent al curs 2012-2013. Si s&#8217;ha optat per matr\u00edcula semestral, cal presentar la dels dos semestres (nom\u00e9s en cas de les persones sol\u2022licitants que no inicien per primer cop estudis universitaris el curs 2013-2014).<\/p>\n<p>&#8211; Certificaci\u00f3 acad\u00e8mica completa, on consten les assignatures i la convocat\u00f2ria en qu\u00e8 s&#8217;han obtingut, en el cas de les persones sol\u2022licitants que no cursen per primera vegada estudis universitaris. En aquesta certificaci\u00f3 tamb\u00e9 cal constar, de manera clara, el total de cr\u00e8dits matriculats i el total de cr\u00e8dits aprovats en el curs acad\u00e8mic 2012-2013.<\/p>\n<p>En el cas de les persones sol\u2022licitants que cursen per primera vegada estudis universitaris nota PAU.<\/p>\n<p>&#8211; En els casos que l\u2019estudiant no s\u2019hagi matriculat de la quantitat de cr\u00e8dits exigits per la convocat\u00f2ria, cal justificar que s\u2019ha matriculat del nombre m\u00e0xim de cr\u00e8dits d\u2019acord amb l&#8217;organitzaci\u00f3 administrativa del centre o pel motiu de finalitzar els estudis.<\/p>\n<p><strong>Perqu\u00e8 cap jove de la Val d\u2019Aran es quedi sense poder participar en aquesta convocat\u00f2ria, l&#8217;Oficina de Joventut del Conselh Generau d\u2019Aran facilitar\u00e0 la tramitaci\u00f3 de la documentaci\u00f3 d\u2019aquesta l\u00ednia d\u2019ajut.<\/strong><\/p>\n<p>Per sol\u2022licitar aquest ajut poden adre\u00e7ar-se a l&#8217;Oficina de Joventut amb cita per avan\u00e7, situada en el Carrer Major 36, en l&#8217;horari: de dilluns a divendres de 10:00 a 14:00 hores. Amb cita pr\u00e8via amb Vanessa Cun\u00ed i Estefan\u00eda Revilla. Tel: 973642560.<\/p>\n<p><strong>El terme per presentar les sol\u2022licituds ser\u00e0 fins al proper dia 13 de juny de 2014.<\/strong><\/p>\n ","protected":false},"excerpt":{"rendered":"<p>El Conselh Generau d\u2019Aran, mitjan\u00e7ant l&#8217;Oficina de Joventut, donar\u00e0 suport a la convocat\u00f2ria de les ajudes pels estudiants universitaris de la Val d\u2019Aran (APA). Aquestes ajudes es concediran per la mobilitat, aquesta mobilitat es compr\u00e8n com despla\u00e7ament i allotjament fora de la comarca on es t\u00e9 resid\u00e8ncia familiar. Poden ser-ne beneficiaris els estudiants que compleixin&#8230;<\/p>\n","protected":false},"author":2,"featured_media":3626,"comment_status":"closed","ping_status":"closed","sticky":false,"template":"","format":"standard","meta":{"footnotes":""},"categories":[33,36],"tags":[],"_links":{"self":[{"href":"https:\/\/www.conselharan.org\/ca\/wp-json\/wp\/v2\/posts\/3628"}],"collection":[{"href":"https:\/\/www.conselharan.org\/ca\/wp-json\/wp\/v2\/posts"}],"about":[{"href":"https:\/\/www.conselharan.org\/ca\/wp-json\/wp\/v2\/types\/post"}],"author":[{"embeddable":true,"href":"https:\/\/www.conselharan.org\/ca\/wp-json\/wp\/v2\/users\/2"}],"replies":[{"embeddable":true,"href":"https:\/\/www.conselharan.org\/ca\/wp-json\/wp\/v2\/comments?post=3628"}],"version-history":[{"count":1,"href":"https:\/\/www.conselharan.org\/ca\/wp-json\/wp\/v2\/posts\/3628\/revisions"}],"predecessor-version":[{"id":3629,"href":"https:\/\/www.conselharan.org\/ca\/wp-json\/wp\/v2\/posts\/3628\/revisions\/3629"}],"wp:featuredmedia":[{"embeddable":true,"href":"https:\/\/www.conselharan.org\/ca\/wp-json\/wp\/v2\/media\/3626"}],"wp:attachment":[{"href":"https:\/\/www.conselharan.org\/ca\/wp-json\/wp\/v2\/media?parent=3628"}],"wp:term":[{"taxonomy":"category","embeddable":true,"href":"https:\/\/www.conselharan.org\/ca\/wp-json\/wp\/v2\/categories?post=3628"},{"taxonomy":"post_tag","embeddable":true,"href":"https:\/\/www.conselharan.org\/ca\/wp-json\/wp\/v2\/tags?post=3628"}],"curies":[{"name":"wp","href":"https:\/\/api.w.org\/{rel}","templated":true}]}}