{"id":36290,"date":"2020-09-15T15:02:59","date_gmt":"2020-09-15T13:02:59","guid":{"rendered":"https:\/\/www.conselharan.org\/sinicien-es-obres-dassolidament-deth-campanau-dera-gleisa-de-bossost\/"},"modified":"2021-02-09T09:19:56","modified_gmt":"2021-02-09T08:19:56","slug":"sinicien-es-obres-dassolidament-deth-campanau-dera-gleisa-de-bossost","status":"publish","type":"post","link":"https:\/\/www.conselharan.org\/ca\/sinicien-es-obres-dassolidament-deth-campanau-dera-gleisa-de-bossost\/","title":{"rendered":"S&#8217;inicien les obres de restauraci\u00f3 del campanar de l&#8217;esgl\u00e9sia de Boss\u00f2st"},"content":{"rendered":"<p><a href=\"https:\/\/www.conselharan.org\/wp-content\/uploads\/2020\/09\/Boss\u00f2st-Gl\u00e8isa.jpeg\"><img loading=\"lazy\" decoding=\"async\" class=\"aligncenter wp-image-36282 size-full\" src=\"https:\/\/www.conselharan.org\/wp-content\/uploads\/2020\/09\/Boss\u00f2st-Gl\u00e8isa.jpeg\" alt=\"\" width=\"1024\" height=\"768\" srcset=\"https:\/\/www.conselharan.org\/wp-content\/uploads\/2020\/09\/Boss\u00f2st-Gl\u00e8isa.jpeg 1024w, https:\/\/www.conselharan.org\/wp-content\/uploads\/2020\/09\/Boss\u00f2st-Gl\u00e8isa-300x225.jpeg 300w, https:\/\/www.conselharan.org\/wp-content\/uploads\/2020\/09\/Boss\u00f2st-Gl\u00e8isa-768x576.jpeg 768w\" sizes=\"(max-width: 1024px) 100vw, 1024px\" \/><\/a><\/p>\n<ul>\n<li>\n<h3><strong>Aquests treballs de restauraci\u00f3 s\u00f3n fruit del conveni de col\u00b7laboraci\u00f3 signat el mes d&#8217;agost passat entre el govern del Conselh Generau d\u2019Aran i l&#8217;Ajuntament de Boss\u00f2st<\/strong><\/h3>\n<\/li>\n<\/ul>\n<p>Ja han comen\u00e7at les obres de restauraci\u00f3 del campanar rom\u00e0nic de l&#8217;esgl\u00e9sia de la Mair de Diu dera Purificacion de Boss\u00f2st, tal com es va acordar en el conveni entre el govern d&#8217;Aran i l&#8217;Ajuntament de Boss\u00f2st, signat el mes d&#8217;agost passat.<\/p>\n<p>\u201cLa conservaci\u00f3 i protecci\u00f3 del nostre patrimoni \u00e9s primordial per al govern del Conselh Generau d\u2019Aran\u201d, afirmava el s\u00edndic d&#8217;Aran, Franc\u00e9s Boya, afegint que: \u201cl&#8217;esgl\u00e9sia de la Mair de Diu dera Purificacion, que va ser declarada B\u00e9 Cultural d&#8217;Inter\u00e8s Nacional el 2015, constitueix un dels millors exemples de l&#8217;arquitectura rom\u00e0nica aranesa del segle XII i suposa per a l\u2019Aran un gran tresor cultural que \u00e9s necessari cuidar\u201d.<\/p>\n<p>\u201cAquest projecte de restauraci\u00f3, que ha estat redactat pels t\u00e8cnics del Conselh Generau d\u2019Aran, preveu eliminar les causes que provoquen les actuals patologies de l&#8217;edifici, amb l&#8217;objectiu de recuperar la seva cohesi\u00f3\u201d, explicava l&#8217;alcalde de Boss\u00f2st, Amador Marqu\u00e8s, afegint que: \u201cs&#8217;actuar\u00e0 no nom\u00e9s sobre les esquerdes que presenta l&#8217;estructura del campanar, sin\u00f3 tamb\u00e9 sobre l&#8217;estructura de fusta que data del segle XVIII i que est\u00e0 bastant deteriorada\u201d.<\/p>\n<p>Dels prop de 150.000 euros que s&#8217;invertiran en aquestes actuacions de restauraci\u00f3 del campanar, el Conselh Generau d\u2019Aran, dins del seu conveni marc amb la Diputaci\u00f3 de Lleida, n\u2019aportar\u00e0 94.000, l&#8217;Ajuntament de Boss\u00f2st aportar\u00e0 18.000 i el Departament de Cultura de la Generalitat 35.000. Els treballs seran duts a terme per l&#8217;empresa especialitzada CYRESPA.<\/p>\n<p><a href=\"https:\/\/www.conselharan.org\/wp-content\/uploads\/2021\/01\/Gene.jpg\"><img loading=\"lazy\" decoding=\"async\" class=\"alignnone size-medium wp-image-40328\" src=\"https:\/\/www.conselharan.org\/wp-content\/uploads\/2021\/01\/Gene-300x69.jpg\" alt=\"\" width=\"300\" height=\"69\" \/><\/a><\/p>\n ","protected":false},"excerpt":{"rendered":"<p>Aquests treballs de restauraci\u00f3 s\u00f3n fruit del conveni de col\u00b7laboraci\u00f3 signat el mes d&#8217;agost passat entre el govern del Conselh Generau d\u2019Aran i l&#8217;Ajuntament de Boss\u00f2st Ja han comen\u00e7at les obres de restauraci\u00f3 del campanar rom\u00e0nic de l&#8217;esgl\u00e9sia de la Mair de Diu dera Purificacion de Boss\u00f2st, tal com es va acordar en el conveni&#8230;<\/p>\n","protected":false},"author":10,"featured_media":36283,"comment_status":"closed","ping_status":"closed","sticky":false,"template":"","format":"standard","meta":{"footnotes":""},"categories":[794,33],"tags":[],"_links":{"self":[{"href":"https:\/\/www.conselharan.org\/ca\/wp-json\/wp\/v2\/posts\/36290"}],"collection":[{"href":"https:\/\/www.conselharan.org\/ca\/wp-json\/wp\/v2\/posts"}],"about":[{"href":"https:\/\/www.conselharan.org\/ca\/wp-json\/wp\/v2\/types\/post"}],"author":[{"embeddable":true,"href":"https:\/\/www.conselharan.org\/ca\/wp-json\/wp\/v2\/users\/10"}],"replies":[{"embeddable":true,"href":"https:\/\/www.conselharan.org\/ca\/wp-json\/wp\/v2\/comments?post=36290"}],"version-history":[{"count":2,"href":"https:\/\/www.conselharan.org\/ca\/wp-json\/wp\/v2\/posts\/36290\/revisions"}],"predecessor-version":[{"id":40337,"href":"https:\/\/www.conselharan.org\/ca\/wp-json\/wp\/v2\/posts\/36290\/revisions\/40337"}],"wp:featuredmedia":[{"embeddable":true,"href":"https:\/\/www.conselharan.org\/ca\/wp-json\/wp\/v2\/media\/36283"}],"wp:attachment":[{"href":"https:\/\/www.conselharan.org\/ca\/wp-json\/wp\/v2\/media?parent=36290"}],"wp:term":[{"taxonomy":"category","embeddable":true,"href":"https:\/\/www.conselharan.org\/ca\/wp-json\/wp\/v2\/categories?post=36290"},{"taxonomy":"post_tag","embeddable":true,"href":"https:\/\/www.conselharan.org\/ca\/wp-json\/wp\/v2\/tags?post=36290"}],"curies":[{"name":"wp","href":"https:\/\/api.w.org\/{rel}","templated":true}]}}