{"id":36460,"date":"2020-09-21T14:47:44","date_gmt":"2020-09-21T12:47:44","guid":{"rendered":"https:\/\/www.conselharan.org\/el-conselh-generau-daran-aprova-la-declaracio-com-bcil-dalguns-elements-del-poble-de-bausen\/"},"modified":"2020-09-21T14:52:42","modified_gmt":"2020-09-21T12:52:42","slug":"el-conselh-generau-daran-aprova-la-declaracio-com-bcil-dalguns-elements-del-poble-de-bausen","status":"publish","type":"post","link":"https:\/\/www.conselharan.org\/ca\/el-conselh-generau-daran-aprova-la-declaracio-com-bcil-dalguns-elements-del-poble-de-bausen\/","title":{"rendered":"El Conselh Generau d\u2019Aran aprova la declaraci\u00f3 com BCIL d&#8217;alguns elements del poble de Bausen"},"content":{"rendered":"<p><a href=\"https:\/\/www.conselharan.org\/wp-content\/uploads\/2020\/09\/3..jpg\"><img loading=\"lazy\" decoding=\"async\" class=\"aligncenter wp-image-36449 size-large\" src=\"https:\/\/www.conselharan.org\/wp-content\/uploads\/2020\/09\/3.-1024x768.jpg\" alt=\"\" width=\"1024\" height=\"768\" srcset=\"https:\/\/www.conselharan.org\/wp-content\/uploads\/2020\/09\/3.-1024x768.jpg 1024w, https:\/\/www.conselharan.org\/wp-content\/uploads\/2020\/09\/3.-300x225.jpg 300w, https:\/\/www.conselharan.org\/wp-content\/uploads\/2020\/09\/3.-768x576.jpg 768w, https:\/\/www.conselharan.org\/wp-content\/uploads\/2020\/09\/3..jpg 1280w\" sizes=\"(max-width: 1024px) 100vw, 1024px\" \/><\/a><\/p>\n<ul>\n<li>\n<h3><strong>Atesa la petici\u00f3 presentada per dues associacions culturals de Bausen, el Ple del Conselh Generau d\u2019Aran va aprovar la declaraci\u00f3 com a B\u00e9 Cultual d&#8217;Inter\u00e8s Local (BCIL) de l&#8217;esgl\u00e9sia parroquial de Sant P\u00e8ir i el seu cementiri, la capella de Sant R\u00f2c, el cementiri civil de Teresa i la capella de Santa Anna<\/strong><\/h3>\n<\/li>\n<\/ul>\n<p>El Ple del Conselh Generau d\u2019Aran va aprovar inicialment divendres passat, 18 de setembre, la declaraci\u00f3 com a B\u00e9 Cultural d&#8217;Inter\u00e8s Local (BCIL) de tota una s\u00e8rie d&#8217;elements del poble de Bausen pels seus valors hist\u00f2rics, arquitect\u00f2nics i art\u00edstics.<\/p>\n<p>Aquesta aprovaci\u00f3, que va comptar amb els vots a favor de l&#8217;equip de govern i l&#8217;abstenci\u00f3 del grup de CdA, afecta a l&#8217;esgl\u00e9sia parroquial de Sant P\u00e8ir i el seu cementiri, la capella de Sant R\u00f2c, el cementiri civil de Teresa i la capella de Santa Anna.<\/p>\n<p>La iniciativa de la declaraci\u00f3 d&#8217;aquests elements com a BCIL va partir inicialment de les associacions culturals Es Sarnalh\u00e8rs i Lanaranesa de Bausen, que van presentar la petici\u00f3 al Conselh Generau d\u2019Aran el mes de desembre de 2019. La petici\u00f3 va ser valorada en la Comissi\u00f3 de Patrimoni on, per unanimitat, es va estimar quins eren els elements que reunien les caracter\u00edstiques per a ser considerats B\u00e9 Cultural d&#8217;Inter\u00e8s Local, excloent alguns que ja comptaven amb la consideraci\u00f3, com els safaretjos, o perqu\u00e8 no tenien entitat suficient.<\/p>\n<p>\u201cAquesta ha estat una petici\u00f3 dels ve\u00efns de Bausen que considerem molt interessant perqu\u00e8 tots aquests elements, que per si mateixos tenen un gran valor patrimonial, mereixen ser protegits i hem d&#8217;evitar que es malmetin\u201d, assegurava el s\u00edndic d&#8217;Aran, Franc\u00e9s Boya, afegint que: \u201camb aquesta catalogaci\u00f3 com a BCIL existeix l&#8217;obligaci\u00f3 per part de les administracions d&#8217;invertir recursos per a la seva preservaci\u00f3, garantint aix\u00ed la protecci\u00f3 del nostre patrimoni i la nostra cultura, que s\u00f3n un dels grans tresors de la Val d&#8217;Aran\u201d.<\/p>\n<p><a href=\"https:\/\/www.conselharan.org\/wp-content\/uploads\/2020\/09\/1..jpg\"><img loading=\"lazy\" decoding=\"async\" class=\"aligncenter wp-image-36452 size-full\" src=\"https:\/\/www.conselharan.org\/wp-content\/uploads\/2020\/09\/1..jpg\" alt=\"\" width=\"768\" height=\"1024\" srcset=\"https:\/\/www.conselharan.org\/wp-content\/uploads\/2020\/09\/1..jpg 768w, https:\/\/www.conselharan.org\/wp-content\/uploads\/2020\/09\/1.-225x300.jpg 225w\" sizes=\"(max-width: 768px) 100vw, 768px\" \/><\/a><\/p>\n ","protected":false},"excerpt":{"rendered":"<p>Atesa la petici\u00f3 presentada per dues associacions culturals de Bausen, el Ple del Conselh Generau d\u2019Aran va aprovar la declaraci\u00f3 com a B\u00e9 Cultual d&#8217;Inter\u00e8s Local (BCIL) de l&#8217;esgl\u00e9sia parroquial de Sant P\u00e8ir i el seu cementiri, la capella de Sant R\u00f2c, el cementiri civil de Teresa i la capella de Santa Anna El Ple&#8230;<\/p>\n","protected":false},"author":10,"featured_media":36450,"comment_status":"closed","ping_status":"closed","sticky":false,"template":"","format":"standard","meta":{"footnotes":""},"categories":[794,33],"tags":[],"_links":{"self":[{"href":"https:\/\/www.conselharan.org\/ca\/wp-json\/wp\/v2\/posts\/36460"}],"collection":[{"href":"https:\/\/www.conselharan.org\/ca\/wp-json\/wp\/v2\/posts"}],"about":[{"href":"https:\/\/www.conselharan.org\/ca\/wp-json\/wp\/v2\/types\/post"}],"author":[{"embeddable":true,"href":"https:\/\/www.conselharan.org\/ca\/wp-json\/wp\/v2\/users\/10"}],"replies":[{"embeddable":true,"href":"https:\/\/www.conselharan.org\/ca\/wp-json\/wp\/v2\/comments?post=36460"}],"version-history":[{"count":1,"href":"https:\/\/www.conselharan.org\/ca\/wp-json\/wp\/v2\/posts\/36460\/revisions"}],"predecessor-version":[{"id":36461,"href":"https:\/\/www.conselharan.org\/ca\/wp-json\/wp\/v2\/posts\/36460\/revisions\/36461"}],"wp:featuredmedia":[{"embeddable":true,"href":"https:\/\/www.conselharan.org\/ca\/wp-json\/wp\/v2\/media\/36450"}],"wp:attachment":[{"href":"https:\/\/www.conselharan.org\/ca\/wp-json\/wp\/v2\/media?parent=36460"}],"wp:term":[{"taxonomy":"category","embeddable":true,"href":"https:\/\/www.conselharan.org\/ca\/wp-json\/wp\/v2\/categories?post=36460"},{"taxonomy":"post_tag","embeddable":true,"href":"https:\/\/www.conselharan.org\/ca\/wp-json\/wp\/v2\/tags?post=36460"}],"curies":[{"name":"wp","href":"https:\/\/api.w.org\/{rel}","templated":true}]}}