{"id":3660,"date":"2014-05-20T12:39:30","date_gmt":"2014-05-20T10:39:30","guid":{"rendered":"http:\/\/www.conselharan.org\/?p=3660"},"modified":"2014-05-20T12:39:30","modified_gmt":"2014-05-20T10:39:30","slug":"els-darrers-analisis-genetics-realitzats-a-losseta-auberta-confirmen-que-es-filla-de-fadeta-i-pyros","status":"publish","type":"post","link":"https:\/\/www.conselharan.org\/ca\/els-darrers-analisis-genetics-realitzats-a-losseta-auberta-confirmen-que-es-filla-de-fadeta-i-pyros\/","title":{"rendered":"Els darrers an\u00e0lisis gen\u00e8tics realitzats a l\u2019osseta Aub\u00e8rta confirmen que \u00e9s filla de Fadeta i Pyros"},"content":{"rendered":"<p><a href=\"http:\/\/www.conselharan.org\/wp-content\/uploads\/2014\/05\/auberta-1.jpg\"><img loading=\"lazy\" decoding=\"async\" class=\"alignleft size-full wp-image-3658\" alt=\"auberta 1\" src=\"http:\/\/www.conselharan.org\/wp-content\/uploads\/2014\/05\/auberta-1.jpg\" width=\"450\" height=\"800\" srcset=\"https:\/\/www.conselharan.org\/wp-content\/uploads\/2014\/05\/auberta-1.jpg 450w, https:\/\/www.conselharan.org\/wp-content\/uploads\/2014\/05\/auberta-1-168x300.jpg 168w\" sizes=\"(max-width: 450px) 100vw, 450px\" \/><\/a><\/p>\n<p>\u2022 <strong>Aub\u00e8rta estar\u00e0 els propers mesos en un tancat situat en una zona de bosc natural d&#8217;uns 5000 metres quadrats de superf\u00edcie, on se la alimentar\u00e0 i cuidar\u00e0 seguint un protocol consensuat internacionalment per tal que en un futur pugui sobreviure en llibertat de manera aut\u00f2noma<\/strong><\/p>\n<p>Els primers resultats de les an\u00e0lisis gen\u00e8tiques efectuades al cadell trobat el passat 17 d\u2019abril a Aub\u00e8rt indiquen que l\u2019osseta \u00e9s filla de l\u2019ossa Fadeta i de Pyros. Aix\u00f2 vindria a refor\u00e7ar l\u2019encert de les mesures preses pel Conselh Generau d\u2019Aran els primers dies, at\u00e8s que Fadeta s\u2019ha localitzat en la zona muntanyosa que va de Vilam\u00f2s a Salient, indrets on es va retornar al cadell els primers dies amb l\u2019objectiu que retrob\u00e9s la mare.<\/p>\n<p>El motiu pel qual el cadell es va separar de Fadeta continua sent un misteri i qualsevol hip\u00f2tesi cont\u00ednua sent pura conjectura. Cal remarcar per\u00f2 que Aub\u00e8rta seria fruit d\u2019un primer part de Fadeta, nascuda al 2010, i que aquesta \u00e9s una mare primerenca i sense experi\u00e8ncia, i aix\u00f2 podria refor\u00e7ar la hip\u00f2tesi d\u2019una separaci\u00f3 accidental de forma natural.<\/p>\n<p>Arrel del resultats del laboratori franc\u00e8s, el Conselh Generau d\u2019Aran est\u00e0 fent una revisi\u00f3 general de les mostres gen\u00e8tiques obtingudes el darrer mes, a fi d\u2019enviar-les a analitzar per tal d\u2019obtenir alguna nova informaci\u00f3 sobre l\u2019estat i l\u2019ubicaci\u00f3 de Fadeta, la mare del cadell.<\/p>\n<p>La troballa tamb\u00e9 fa aflorar una altra problem\u00e0tica, que \u00e9s la consanguinitat de la poblaci\u00f3 d\u2019\u00f3ssos pirinenca, ja que Aub\u00e8rta \u00e9s filla i alhora n\u00e9ta de Pyros, at\u00e8s que aquest \u00e9s tamb\u00e9 el pare de Fadeta. L\u2019\u00f3ssa Bamb\u00fa (filla de Hvala i un mascle eslov\u00e8) seria la mare de Fadeta, de tal manera que Pyros \u00e9s l\u2019\u00fanic mascle reproductor efectiu al Pirineu. Els altres mascles presents com Balou, Moonboots o Bonab\u00e9 (aquests darrers tamb\u00e9 fills de Pyros) no estan participant de moment en les reproduccions constatades al Pirineu.<\/p>\n<p>El cadell fou traslladat la setmana passada a un tancat on s&#8217;hi estar\u00e0 els propers mesos, situat en una zona de bosc natural d&#8217;uns 5000 metres quadrats de superf\u00edcie, on se la alimentar\u00e0 i cuidar\u00e0 seguint un protocol consensuat internacionalment per tal que en un futur pugui sobreviure en llibertat de manera aut\u00f2noma .<\/p>\n ","protected":false},"excerpt":{"rendered":"<p>\u2022 Aub\u00e8rta estar\u00e0 els propers mesos en un tancat situat en una zona de bosc natural d&#8217;uns 5000 metres quadrats de superf\u00edcie, on se la alimentar\u00e0 i cuidar\u00e0 seguint un protocol consensuat internacionalment per tal que en un futur pugui sobreviure en llibertat de manera aut\u00f2noma Els primers resultats de les an\u00e0lisis gen\u00e8tiques efectuades al&#8230;<\/p>\n","protected":false},"author":2,"featured_media":3658,"comment_status":"closed","ping_status":"closed","sticky":false,"template":"","format":"standard","meta":{"footnotes":""},"categories":[128,127,33,36],"tags":[],"_links":{"self":[{"href":"https:\/\/www.conselharan.org\/ca\/wp-json\/wp\/v2\/posts\/3660"}],"collection":[{"href":"https:\/\/www.conselharan.org\/ca\/wp-json\/wp\/v2\/posts"}],"about":[{"href":"https:\/\/www.conselharan.org\/ca\/wp-json\/wp\/v2\/types\/post"}],"author":[{"embeddable":true,"href":"https:\/\/www.conselharan.org\/ca\/wp-json\/wp\/v2\/users\/2"}],"replies":[{"embeddable":true,"href":"https:\/\/www.conselharan.org\/ca\/wp-json\/wp\/v2\/comments?post=3660"}],"version-history":[{"count":1,"href":"https:\/\/www.conselharan.org\/ca\/wp-json\/wp\/v2\/posts\/3660\/revisions"}],"predecessor-version":[{"id":3661,"href":"https:\/\/www.conselharan.org\/ca\/wp-json\/wp\/v2\/posts\/3660\/revisions\/3661"}],"wp:featuredmedia":[{"embeddable":true,"href":"https:\/\/www.conselharan.org\/ca\/wp-json\/wp\/v2\/media\/3658"}],"wp:attachment":[{"href":"https:\/\/www.conselharan.org\/ca\/wp-json\/wp\/v2\/media?parent=3660"}],"wp:term":[{"taxonomy":"category","embeddable":true,"href":"https:\/\/www.conselharan.org\/ca\/wp-json\/wp\/v2\/categories?post=3660"},{"taxonomy":"post_tag","embeddable":true,"href":"https:\/\/www.conselharan.org\/ca\/wp-json\/wp\/v2\/tags?post=3660"}],"curies":[{"name":"wp","href":"https:\/\/api.w.org\/{rel}","templated":true}]}}