{"id":36637,"date":"2020-09-28T14:59:21","date_gmt":"2020-09-28T12:59:21","guid":{"rendered":"https:\/\/www.conselharan.org\/museus-val-daran-barre-era-tempsada-dostiu-damb-ues-donades-forca-positives\/"},"modified":"2020-09-28T15:01:46","modified_gmt":"2020-09-28T13:01:46","slug":"museus-val-daran-barre-era-tempsada-dostiu-damb-ues-donades-forca-positives","status":"publish","type":"post","link":"https:\/\/www.conselharan.org\/ca\/museus-val-daran-barre-era-tempsada-dostiu-damb-ues-donades-forca-positives\/","title":{"rendered":"Museus Val d&#8217;Aran tanca la temporada d&#8217;estiu amb unes dades molt positives"},"content":{"rendered":"<p><a href=\"https:\/\/www.conselharan.org\/wp-content\/uploads\/2020\/09\/IMG_5461-scaled.jpg\"><img loading=\"lazy\" decoding=\"async\" class=\"aligncenter wp-image-36622 size-large\" src=\"https:\/\/www.conselharan.org\/wp-content\/uploads\/2020\/09\/IMG_5461-1024x768.jpg\" alt=\"\" width=\"1024\" height=\"768\" srcset=\"https:\/\/www.conselharan.org\/wp-content\/uploads\/2020\/09\/IMG_5461-1024x768.jpg 1024w, https:\/\/www.conselharan.org\/wp-content\/uploads\/2020\/09\/IMG_5461-300x225.jpg 300w, https:\/\/www.conselharan.org\/wp-content\/uploads\/2020\/09\/IMG_5461-768x576.jpg 768w, https:\/\/www.conselharan.org\/wp-content\/uploads\/2020\/09\/IMG_5461-1536x1152.jpg 1536w, https:\/\/www.conselharan.org\/wp-content\/uploads\/2020\/09\/IMG_5461-2048x1536.jpg 2048w\" sizes=\"(max-width: 1024px) 100vw, 1024px\" \/><\/a><\/p>\n<ul>\n<li>\n<h3><strong>La xifra de visitants es mant\u00e9 en n\u00fameros similars a la de l&#8217;any anterior, tot i que l&#8217;aforament enguany s&#8217;ha vist limitat al 50% per a garantir la seguretat dels visitants a causa de la situaci\u00f3 sanit\u00e0ria<\/strong><\/h3>\n<\/li>\n<\/ul>\n<p>Despr\u00e9s de tres mesos de confinament, en els quals la xarxa de Museus de la Val d&#8217;Aran no va deixar de treballar, el mes de juliol els museus arnesos van tornar a obrir les seves portes, implementant totes les mesures necess\u00e0ries per a garantir la seguretat de visitants i treballadors i els resultats obtinguts han estat molt satisfactoris tenint en compte la situaci\u00f3 actual.<\/p>\n<p>En la temporada d&#8217;estiu d&#8217;enguany, que s&#8217;ha allargat des del 13 de juliol fins al 13 de setembre, s&#8217;han obert m\u00e9s equipaments dels habituals, incloent guies en pr\u00e0cticament tots ells. En total, al voltant de 10.000 visitants han gaudit d&#8217;aquestes infraestructures, una xifra que es mant\u00e9 respecte a la d&#8217;altres estius, tot i que la capacitat dels equipaments s&#8217;ha restringit en un 50% del seu aforament. Les visites que m\u00e9s inter\u00e8s han generat enguany han estat la Mina Vict\u00f2ria (amb 3.282 visitants) i la Ruta Rom\u00e0nica d&#8217;Aran (on han participat 2.324 visitants), les quals han crescut respecte a l&#8217;estiu anterior.<\/p>\n<p>Com a novetat, s&#8217;han ampliat les visites guiades. S&#8217;ha pogut donar a con\u00e8ixer la M\u00f2la d&#8217;Unha, s&#8217;ha recuperat la visita de l&#8217;esgl\u00e9sia de Sant Andreu de Salard\u00fa, es va dur a terme la confer\u00e8ncia \u201cEl quart Cavaller de l&#8217;Apocalipsi\u201d, a c\u00e0rrec de J. Carles Riera Socasau, que va donar a con\u00e8ixer les epid\u00e8mies dels segles XIX i XX a la Val d&#8217;Aran, un tema hist\u00f2ric de gran inter\u00e8s en l&#8217;actualitat.<\/p>\n<p>La situaci\u00f3 de pand\u00e8mia actual ha provocat la cerca de noves formes per a la gesti\u00f3 de l&#8217;acc\u00e9s del p\u00fablic a les visites guiades i equipaments. Aprofitant les noves tecnologies, des del Conselh Generau d\u2019Aran, a trav\u00e9s de la xarxa de Museus Val d&#8217;Aran, s&#8217;ha treballat en el desenvolupament i implementaci\u00f3 d&#8217;un sistema de reserves propi, que permet comprar les entrades en l\u00ednia.<\/p>\n<p><a href=\"https:\/\/www.conselharan.org\/wp-content\/uploads\/2020\/09\/5d1d5962-7664-40ca-aa8a-b10fdcc590a7.jpg\"><img loading=\"lazy\" decoding=\"async\" class=\"aligncenter wp-image-36628 size-full\" src=\"https:\/\/www.conselharan.org\/wp-content\/uploads\/2020\/09\/5d1d5962-7664-40ca-aa8a-b10fdcc590a7.jpg\" alt=\"\" width=\"1024\" height=\"768\" srcset=\"https:\/\/www.conselharan.org\/wp-content\/uploads\/2020\/09\/5d1d5962-7664-40ca-aa8a-b10fdcc590a7.jpg 1024w, https:\/\/www.conselharan.org\/wp-content\/uploads\/2020\/09\/5d1d5962-7664-40ca-aa8a-b10fdcc590a7-300x225.jpg 300w, https:\/\/www.conselharan.org\/wp-content\/uploads\/2020\/09\/5d1d5962-7664-40ca-aa8a-b10fdcc590a7-768x576.jpg 768w\" sizes=\"(max-width: 1024px) 100vw, 1024px\" \/><\/a><\/p>\n<p>Aquesta plataforma respon a un doble objectiu. D&#8217;una banda, garantir la seguretat de les visites, establint un control efectiu dels aforaments, evitar l&#8217;intercanvi de diners en met\u00e0l\u00b7lic i informar sobre les mesures de prevenci\u00f3 de la COVID-19. Per l&#8217;altre costat, es d\u00f3na informaci\u00f3 detallada dels equipaments a visitar, donant l&#8217;oportunitat d&#8217;accedir a continguts audiovisuals i informaci\u00f3 pr\u00e0ctica.<\/p>\n<p>La situaci\u00f3 actual, juntament amb una alta aflu\u00e8ncia tur\u00edstica no esperada, a suposat un esfor\u00e7 extra en l&#8217;organitzaci\u00f3 i gesti\u00f3 dels fluxos de visitants a l&#8217;estiu. L&#8217;increment de visitants, molt notable el mes d&#8217;agost, ha representat un repte per a poder limitar l&#8217;acc\u00e9s i complir amb els aforaments.<\/p>\n<p>En el que fa a la proced\u00e8ncia dels usuaris i usu\u00e0ries de la xarxa de Museus de la Val d&#8217;Aran, la majoria dels visitants procedia del territori catal\u00e0, un p\u00fablic que s&#8217;ha vist augmentat, en detriment al visitant estranger. Per part seva, el p\u00fablic local ha continuat fidel a les iniciatives promogudes des del Museu de la Val d&#8217;Aran, amb especial inter\u00e8s en confer\u00e8ncies i visites teatralitzades, en les quals el visitant aran\u00e8s ha estat el majoritari.<\/p>\n<p><a href=\"https:\/\/www.conselharan.org\/wp-content\/uploads\/2020\/09\/ecc0a40d-ebfd-4e1b-b574-1d8df409c93a.jpg\"><img loading=\"lazy\" decoding=\"async\" class=\"aligncenter wp-image-36625 size-large\" src=\"https:\/\/www.conselharan.org\/wp-content\/uploads\/2020\/09\/ecc0a40d-ebfd-4e1b-b574-1d8df409c93a-1024x768.jpg\" alt=\"\" width=\"1024\" height=\"768\" srcset=\"https:\/\/www.conselharan.org\/wp-content\/uploads\/2020\/09\/ecc0a40d-ebfd-4e1b-b574-1d8df409c93a-1024x768.jpg 1024w, https:\/\/www.conselharan.org\/wp-content\/uploads\/2020\/09\/ecc0a40d-ebfd-4e1b-b574-1d8df409c93a-300x225.jpg 300w, https:\/\/www.conselharan.org\/wp-content\/uploads\/2020\/09\/ecc0a40d-ebfd-4e1b-b574-1d8df409c93a-768x576.jpg 768w, https:\/\/www.conselharan.org\/wp-content\/uploads\/2020\/09\/ecc0a40d-ebfd-4e1b-b574-1d8df409c93a-1536x1152.jpg 1536w, https:\/\/www.conselharan.org\/wp-content\/uploads\/2020\/09\/ecc0a40d-ebfd-4e1b-b574-1d8df409c93a.jpg 1600w\" sizes=\"(max-width: 1024px) 100vw, 1024px\" \/><\/a><\/p>\n ","protected":false},"excerpt":{"rendered":"<p>La xifra de visitants es mant\u00e9 en n\u00fameros similars a la de l&#8217;any anterior, tot i que l&#8217;aforament enguany s&#8217;ha vist limitat al 50% per a garantir la seguretat dels visitants a causa de la situaci\u00f3 sanit\u00e0ria Despr\u00e9s de tres mesos de confinament, en els quals la xarxa de Museus de la Val d&#8217;Aran no&#8230;<\/p>\n","protected":false},"author":10,"featured_media":36623,"comment_status":"closed","ping_status":"closed","sticky":false,"template":"","format":"standard","meta":{"footnotes":""},"categories":[794,33],"tags":[],"_links":{"self":[{"href":"https:\/\/www.conselharan.org\/ca\/wp-json\/wp\/v2\/posts\/36637"}],"collection":[{"href":"https:\/\/www.conselharan.org\/ca\/wp-json\/wp\/v2\/posts"}],"about":[{"href":"https:\/\/www.conselharan.org\/ca\/wp-json\/wp\/v2\/types\/post"}],"author":[{"embeddable":true,"href":"https:\/\/www.conselharan.org\/ca\/wp-json\/wp\/v2\/users\/10"}],"replies":[{"embeddable":true,"href":"https:\/\/www.conselharan.org\/ca\/wp-json\/wp\/v2\/comments?post=36637"}],"version-history":[{"count":1,"href":"https:\/\/www.conselharan.org\/ca\/wp-json\/wp\/v2\/posts\/36637\/revisions"}],"predecessor-version":[{"id":36638,"href":"https:\/\/www.conselharan.org\/ca\/wp-json\/wp\/v2\/posts\/36637\/revisions\/36638"}],"wp:featuredmedia":[{"embeddable":true,"href":"https:\/\/www.conselharan.org\/ca\/wp-json\/wp\/v2\/media\/36623"}],"wp:attachment":[{"href":"https:\/\/www.conselharan.org\/ca\/wp-json\/wp\/v2\/media?parent=36637"}],"wp:term":[{"taxonomy":"category","embeddable":true,"href":"https:\/\/www.conselharan.org\/ca\/wp-json\/wp\/v2\/categories?post=36637"},{"taxonomy":"post_tag","embeddable":true,"href":"https:\/\/www.conselharan.org\/ca\/wp-json\/wp\/v2\/tags?post=36637"}],"curies":[{"name":"wp","href":"https:\/\/api.w.org\/{rel}","templated":true}]}}