{"id":36708,"date":"2020-10-01T16:30:20","date_gmt":"2020-10-01T14:30:20","guid":{"rendered":"https:\/\/www.conselharan.org\/finalize-er-operatiu-de-recerca-des-dues-persones-desapareishudes-eth-25-de-seteme\/"},"modified":"2020-10-01T16:32:08","modified_gmt":"2020-10-01T14:32:08","slug":"finalize-er-operatiu-de-recerca-des-dues-persones-desapareishudes-eth-25-de-seteme","status":"publish","type":"post","link":"https:\/\/www.conselharan.org\/ca\/finalize-er-operatiu-de-recerca-des-dues-persones-desapareishudes-eth-25-de-seteme\/","title":{"rendered":"Finalitza l&#8217;operatiu de recerca de les dues persones desaparegudes el 25 de setembre"},"content":{"rendered":"<p><a href=\"https:\/\/www.conselharan.org\/wp-content\/uploads\/2020\/10\/POMPIERS.jpeg\"><img loading=\"lazy\" decoding=\"async\" class=\"aligncenter wp-image-36700 size-large\" src=\"https:\/\/www.conselharan.org\/wp-content\/uploads\/2020\/10\/POMPIERS-1024x1020.jpeg\" alt=\"\" width=\"1024\" height=\"1020\" srcset=\"https:\/\/www.conselharan.org\/wp-content\/uploads\/2020\/10\/POMPIERS-1024x1020.jpeg 1024w, https:\/\/www.conselharan.org\/wp-content\/uploads\/2020\/10\/POMPIERS-300x300.jpeg 300w, https:\/\/www.conselharan.org\/wp-content\/uploads\/2020\/10\/POMPIERS-150x150.jpeg 150w, https:\/\/www.conselharan.org\/wp-content\/uploads\/2020\/10\/POMPIERS-768x765.jpeg 768w, https:\/\/www.conselharan.org\/wp-content\/uploads\/2020\/10\/POMPIERS-270x270.jpeg 270w, https:\/\/www.conselharan.org\/wp-content\/uploads\/2020\/10\/POMPIERS-207x207.jpeg 207w, https:\/\/www.conselharan.org\/wp-content\/uploads\/2020\/10\/POMPIERS-75x75.jpeg 75w, https:\/\/www.conselharan.org\/wp-content\/uploads\/2020\/10\/POMPIERS.jpeg 1280w\" sizes=\"(max-width: 1024px) 100vw, 1024px\" \/><\/a><\/p>\n<ul>\n<li>\n<h3><strong>Els cossos sense vida de les dues persones desaparegudes han estat localitzats a la zona de l\u2019Estanh de P\u00f2do despr\u00e9s de quatre jornades de recerca per via a\u00e8ria i terrestre<\/strong><\/h3>\n<\/li>\n<li>\n<h3><strong>Han participat activament en aquest operatiu de recerca efectius del GRM de Pompi\u00e8rs-Emerg\u00e9ncies, el GRAE de Bombers, la UIM de Mossos d&#8217;Esquadra, el GREIM de la Guardia Civil, Agents Rurals de la Generalitat, Agents de Medi Ambient del Conselh Generau d\u2019Aran, unitats canines de Mossos i Bombers, l&#8217;helic\u00f2pter Eliance Val d&#8217;Aran i helic\u00f2pters de la Generalitat<\/strong><\/h3>\n<\/li>\n<\/ul>\n<p>La recerca de les dues persones vistes per \u00faltima vegada el passat 25 de novembre a la zona de Refugi de Colom\u00e8rs, ha finalitzat aquest migdia en localitzar els cossos sense vida dels desapareguts a la zona de l\u2019Estanh de P\u00f2do.<\/p>\n<p>Durant aquests \u00faltims dies, Pompi\u00e8rs-Emerg\u00e9ncies del Conselh Generau i Bombers de la Generalitat han coordinat els treballs de recerca juntament amb efectius de Mossos d&#8217;Esquadra, Agents Rurals i Gu\u00e0rdia Civil. Tant per terra com per aire, des de l&#8217;inici dels treballs s&#8217;ha fet una cerca extensiva en la major part del Parc Nacional d&#8217;Aig\u00fcestortes.<\/p>\n<p>Avui, des de primera hora del mat\u00ed, el dispositiu s&#8217;ha centrat en aquelles zones on hi havia m\u00e9s acumulaci\u00f3 de neu i on es preveia que podrien haver buscat refugi. L&#8217;estrat\u00e8gia d&#8217;avui era la de mantenir un dispositiu m\u00e9s ampli per\u00f2 centrat en envoltar aquests punts tenint en compte que es volia aprofitar el temps favorable davant el canvi de meteorologia previst de cara a dem\u00e0. Han estat els efectius terrestres de la UIM de Mossos d&#8217;Esquadra i Bombers GRAE qui, al voltant de les 12.00 hores, han localitzat els dos cossos sense vida a pocs metres de l\u2019Estanh de P\u00f2do.<\/p>\n<p>En aquestes \u00faltimes quatre jornades de cerca han participat activament en aquest operatiu efectius del GRM de Pompi\u00e8rs-Emerg\u00e9ncies, el GRAE de Bombers, la UIM de Mossos d&#8217;Esquadra, el GREIM de la Guardia Civil, Agents Rurals de la Generalitat, Agents de Medi Ambient del Conselh Generau d\u2019Aran, unitats canines de Mossos i Bombers, l&#8217;helic\u00f2pter Eliance Val d&#8217;Aran i helic\u00f2pters de la Generalitat.<\/p>\n ","protected":false},"excerpt":{"rendered":"<p>Els cossos sense vida de les dues persones desaparegudes han estat localitzats a la zona de l\u2019Estanh de P\u00f2do despr\u00e9s de quatre jornades de recerca per via a\u00e8ria i terrestre Han participat activament en aquest operatiu de recerca efectius del GRM de Pompi\u00e8rs-Emerg\u00e9ncies, el GRAE de Bombers, la UIM de Mossos d&#8217;Esquadra, el GREIM de&#8230;<\/p>\n","protected":false},"author":10,"featured_media":36701,"comment_status":"closed","ping_status":"closed","sticky":false,"template":"","format":"standard","meta":{"footnotes":""},"categories":[33,146],"tags":[],"_links":{"self":[{"href":"https:\/\/www.conselharan.org\/ca\/wp-json\/wp\/v2\/posts\/36708"}],"collection":[{"href":"https:\/\/www.conselharan.org\/ca\/wp-json\/wp\/v2\/posts"}],"about":[{"href":"https:\/\/www.conselharan.org\/ca\/wp-json\/wp\/v2\/types\/post"}],"author":[{"embeddable":true,"href":"https:\/\/www.conselharan.org\/ca\/wp-json\/wp\/v2\/users\/10"}],"replies":[{"embeddable":true,"href":"https:\/\/www.conselharan.org\/ca\/wp-json\/wp\/v2\/comments?post=36708"}],"version-history":[{"count":1,"href":"https:\/\/www.conselharan.org\/ca\/wp-json\/wp\/v2\/posts\/36708\/revisions"}],"predecessor-version":[{"id":36709,"href":"https:\/\/www.conselharan.org\/ca\/wp-json\/wp\/v2\/posts\/36708\/revisions\/36709"}],"wp:featuredmedia":[{"embeddable":true,"href":"https:\/\/www.conselharan.org\/ca\/wp-json\/wp\/v2\/media\/36701"}],"wp:attachment":[{"href":"https:\/\/www.conselharan.org\/ca\/wp-json\/wp\/v2\/media?parent=36708"}],"wp:term":[{"taxonomy":"category","embeddable":true,"href":"https:\/\/www.conselharan.org\/ca\/wp-json\/wp\/v2\/categories?post=36708"},{"taxonomy":"post_tag","embeddable":true,"href":"https:\/\/www.conselharan.org\/ca\/wp-json\/wp\/v2\/tags?post=36708"}],"curies":[{"name":"wp","href":"https:\/\/api.w.org\/{rel}","templated":true}]}}