{"id":36954,"date":"2020-10-15T15:46:22","date_gmt":"2020-10-15T13:46:22","guid":{"rendered":"https:\/\/www.conselharan.org\/eth-conselh-generau-daran-e-pallarsactiu-signaran-un-conveni-de-collaboracion-enta-desvolopar-accions-damb-valor-territoriau\/"},"modified":"2020-10-15T15:48:07","modified_gmt":"2020-10-15T13:48:07","slug":"eth-conselh-generau-daran-e-pallarsactiu-signaran-un-conveni-de-collaboracion-enta-desvolopar-accions-damb-valor-territoriau","status":"publish","type":"post","link":"https:\/\/www.conselharan.org\/ca\/eth-conselh-generau-daran-e-pallarsactiu-signaran-un-conveni-de-collaboracion-enta-desvolopar-accions-damb-valor-territoriau\/","title":{"rendered":"El Conselh Generau d\u2019Aran i PallarsActiu signaran un conveni de col\u2022laboraci\u00f3 per a desenvolupar accions amb valor territorial"},"content":{"rendered":"<p><a href=\"https:\/\/www.conselharan.org\/wp-content\/uploads\/2020\/10\/Amassada-PallarsActiu-2.jpeg\"><img loading=\"lazy\" decoding=\"async\" class=\"aligncenter wp-image-36946 size-large\" src=\"https:\/\/www.conselharan.org\/wp-content\/uploads\/2020\/10\/Amassada-PallarsActiu-2-1024x768.jpeg\" alt=\"\" width=\"1024\" height=\"768\" srcset=\"https:\/\/www.conselharan.org\/wp-content\/uploads\/2020\/10\/Amassada-PallarsActiu-2-1024x768.jpeg 1024w, https:\/\/www.conselharan.org\/wp-content\/uploads\/2020\/10\/Amassada-PallarsActiu-2-300x225.jpeg 300w, https:\/\/www.conselharan.org\/wp-content\/uploads\/2020\/10\/Amassada-PallarsActiu-2-768x576.jpeg 768w, https:\/\/www.conselharan.org\/wp-content\/uploads\/2020\/10\/Amassada-PallarsActiu-2-1536x1152.jpeg 1536w, https:\/\/www.conselharan.org\/wp-content\/uploads\/2020\/10\/Amassada-PallarsActiu-2.jpeg 2016w\" sizes=\"(max-width: 1024px) 100vw, 1024px\" \/><\/a><\/p>\n<ul>\n<li>\n<h3><strong>Aquest conveni de col\u00b7laboraci\u00f3 entre totes dues institucions promour\u00e0 projectes innovadors amb unes din\u00e0miques de creixement econ\u00f2mic que permetin crear oportunitats de desenvolupament rural<\/strong><\/h3>\n<\/li>\n<\/ul>\n<p>Aquest mat\u00ed, el s\u00edndic d&#8217;Aran, Franc\u00e9s Boya, ha mantingut una reuni\u00f3 telem\u00e0tica amb el president de PIMEC i PallarsActiu, Josep Gonz\u00e1lez, en la qual s&#8217;ha acordat la signatura d&#8217;un conveni per a desenvolupar projectes amb valor territorial a l\u2019Aran i els Pallars Juss\u00e0 i Sobir\u00e0. En aquesta reuni\u00f3 han estat presents tamb\u00e9 la vices\u00edndica primera, Maria Verg\u00e9s, la consellera de Noves Tecnologies i Innovaci\u00f3, Angelina Cases, el conseller de Territori, Paisatge i Gesti\u00f3 Ambiental, Franc\u00e9s Bruna, el patr\u00f3 de la Fundaci\u00f3 PIMEC, Jos\u00e9 Maria Torres i la gerent de PallarsActiu, Eva Fiter, entre d\u2019altres.<\/p>\n<p>\u201cHem acordat la signatura d&#8217;un conveni de col\u00b7laboraci\u00f3 entre el Conselh Generau i PallarsActiu, mitjan\u00e7ant el qual es promour\u00e0 la innovaci\u00f3 en l&#8217;espai rural amb unes din\u00e0miques de creixement econ\u00f2mic que crearan oportunitats de desenvolupament local\u201d, afirmava el s\u00edndic d&#8217;Aran, Franc\u00e9s Boya.<\/p>\n<p>Durant la reuni\u00f3 s&#8217;han presentat projectes innovadors pels quals aposten aquests territoris, en el cas del Conselh Generau d\u2019Aran s&#8217;ha presentat el HUB d&#8217;innovaci\u00f3 en muntanya, que en les pr\u00f2ximes setmanes est\u00e0 previst que estigui ja en funcionament, i s&#8217;ha convidat als ve\u00efns del Pallars a formar part d&#8217;aquest projecte pioner, que situar\u00e0 Aran com un territori de refer\u00e8ncia.<\/p>\n<p>Per part seva, PallarsActiu ha presentat tamb\u00e9 el seu projecte d&#8217;aprofitament de la ca\u00e7a cineg\u00e8tica, que permetr\u00e0 gestionar i comercialitzar els productes carnis derivats de l&#8217;activitat de la ca\u00e7a d&#8217;una forma controlada, traient profit d&#8217;un producte de qualitat i de proximitat.<\/p>\n<p>Totes dues institucions han mostrat tenir un inter\u00e8s com\u00fa a col\u00b7laborar i crear una estrat\u00e8gia de futur que impulsi a la Val d&#8217;Aran i els Pallars Sobir\u00e0 i Juss\u00e0 per a impulsar projectes que apostin per les tecnologies i la innovaci\u00f3 per\u00f2 tamb\u00e9 per la promoci\u00f3 de productes de proximitat i serveis a les persones.<\/p>\n<p><a href=\"https:\/\/www.conselharan.org\/wp-content\/uploads\/2020\/10\/Amassada-PallarsActiu-1.jpeg\"><img loading=\"lazy\" decoding=\"async\" class=\"aligncenter wp-image-36943 size-large\" src=\"https:\/\/www.conselharan.org\/wp-content\/uploads\/2020\/10\/Amassada-PallarsActiu-1-1024x768.jpeg\" alt=\"\" width=\"1024\" height=\"768\" srcset=\"https:\/\/www.conselharan.org\/wp-content\/uploads\/2020\/10\/Amassada-PallarsActiu-1-1024x768.jpeg 1024w, https:\/\/www.conselharan.org\/wp-content\/uploads\/2020\/10\/Amassada-PallarsActiu-1-300x225.jpeg 300w, https:\/\/www.conselharan.org\/wp-content\/uploads\/2020\/10\/Amassada-PallarsActiu-1-768x576.jpeg 768w, https:\/\/www.conselharan.org\/wp-content\/uploads\/2020\/10\/Amassada-PallarsActiu-1-1536x1152.jpeg 1536w, https:\/\/www.conselharan.org\/wp-content\/uploads\/2020\/10\/Amassada-PallarsActiu-1.jpeg 2016w\" sizes=\"(max-width: 1024px) 100vw, 1024px\" \/><\/a><\/p>\n ","protected":false},"excerpt":{"rendered":"<p>Aquest conveni de col\u00b7laboraci\u00f3 entre totes dues institucions promour\u00e0 projectes innovadors amb unes din\u00e0miques de creixement econ\u00f2mic que permetin crear oportunitats de desenvolupament rural Aquest mat\u00ed, el s\u00edndic d&#8217;Aran, Franc\u00e9s Boya, ha mantingut una reuni\u00f3 telem\u00e0tica amb el president de PIMEC i PallarsActiu, Josep Gonz\u00e1lez, en la qual s&#8217;ha acordat la signatura d&#8217;un conveni per&#8230;<\/p>\n","protected":false},"author":10,"featured_media":36944,"comment_status":"closed","ping_status":"closed","sticky":false,"template":"","format":"standard","meta":{"footnotes":""},"categories":[53,803],"tags":[],"_links":{"self":[{"href":"https:\/\/www.conselharan.org\/ca\/wp-json\/wp\/v2\/posts\/36954"}],"collection":[{"href":"https:\/\/www.conselharan.org\/ca\/wp-json\/wp\/v2\/posts"}],"about":[{"href":"https:\/\/www.conselharan.org\/ca\/wp-json\/wp\/v2\/types\/post"}],"author":[{"embeddable":true,"href":"https:\/\/www.conselharan.org\/ca\/wp-json\/wp\/v2\/users\/10"}],"replies":[{"embeddable":true,"href":"https:\/\/www.conselharan.org\/ca\/wp-json\/wp\/v2\/comments?post=36954"}],"version-history":[{"count":1,"href":"https:\/\/www.conselharan.org\/ca\/wp-json\/wp\/v2\/posts\/36954\/revisions"}],"predecessor-version":[{"id":36955,"href":"https:\/\/www.conselharan.org\/ca\/wp-json\/wp\/v2\/posts\/36954\/revisions\/36955"}],"wp:featuredmedia":[{"embeddable":true,"href":"https:\/\/www.conselharan.org\/ca\/wp-json\/wp\/v2\/media\/36944"}],"wp:attachment":[{"href":"https:\/\/www.conselharan.org\/ca\/wp-json\/wp\/v2\/media?parent=36954"}],"wp:term":[{"taxonomy":"category","embeddable":true,"href":"https:\/\/www.conselharan.org\/ca\/wp-json\/wp\/v2\/categories?post=36954"},{"taxonomy":"post_tag","embeddable":true,"href":"https:\/\/www.conselharan.org\/ca\/wp-json\/wp\/v2\/tags?post=36954"}],"curies":[{"name":"wp","href":"https:\/\/api.w.org\/{rel}","templated":true}]}}