{"id":36991,"date":"2020-10-16T15:39:24","date_gmt":"2020-10-16T13:39:24","guid":{"rendered":"https:\/\/www.conselharan.org\/eth-sindic-daran-artenh-eth-compromis-deth-conselher-de-territori-e-sostenibilitat-enta-melhorar-es-servicis-basics-daran\/"},"modified":"2020-10-16T15:41:19","modified_gmt":"2020-10-16T13:41:19","slug":"eth-sindic-daran-artenh-eth-compromis-deth-conselher-de-territori-e-sostenibilitat-enta-melhorar-es-servicis-basics-daran","status":"publish","type":"post","link":"https:\/\/www.conselharan.org\/ca\/eth-sindic-daran-artenh-eth-compromis-deth-conselher-de-territori-e-sostenibilitat-enta-melhorar-es-servicis-basics-daran\/","title":{"rendered":"El s\u00edndic d&#8217;Aran aconsegueix el comprom\u00eds del conseller de Territori i Sostenibilitat per a millorar els serveis b\u00e0sics d&#8217;Aran"},"content":{"rendered":"<p><a href=\"https:\/\/www.conselharan.org\/wp-content\/uploads\/2020\/10\/DSC_0284-scaled.jpg\"><img loading=\"lazy\" decoding=\"async\" class=\"aligncenter wp-image-36980 size-large\" src=\"https:\/\/www.conselharan.org\/wp-content\/uploads\/2020\/10\/DSC_0284-1024x681.jpg\" alt=\"\" width=\"1024\" height=\"681\" srcset=\"https:\/\/www.conselharan.org\/wp-content\/uploads\/2020\/10\/DSC_0284-1024x681.jpg 1024w, https:\/\/www.conselharan.org\/wp-content\/uploads\/2020\/10\/DSC_0284-300x199.jpg 300w, https:\/\/www.conselharan.org\/wp-content\/uploads\/2020\/10\/DSC_0284-768x511.jpg 768w, https:\/\/www.conselharan.org\/wp-content\/uploads\/2020\/10\/DSC_0284-1536x1021.jpg 1536w, https:\/\/www.conselharan.org\/wp-content\/uploads\/2020\/10\/DSC_0284-2048x1362.jpg 2048w\" sizes=\"(max-width: 1024px) 100vw, 1024px\" \/><\/a><\/p>\n<ul>\n<li>\n<h3><strong>Durant la reuni\u00f3 mantinguda aquest mat\u00ed al Conselh Generau d&#8217;Aran, el s\u00edndic d&#8217;Aran ha aconseguit el comprom\u00eds del conseller de Territori i Sostenibilitat de la Generalitat per a fer front a dues problem\u00e0tiques clau al territori: l&#8217;habitatge i la mobilitat a la C-28<\/strong><\/h3>\n<\/li>\n<\/ul>\n<p>Aquest mat\u00ed el s\u00edndic d&#8217;Aran, Franc\u00e9s Boya, ha rebut a la seu del Conselh Generau d\u2019Aran al conseller de Territori i Sostenibilitat de la Generalitat de Catalunya, Dami\u00e0 Calvet, i ha mantingut amb ell una reuni\u00f3 de treball en la qual tamb\u00e9 han estat presents el conseller de Territori, Paisatge i Gesti\u00f3 Ambiental del Conselh Generau, Franc\u00e9s Bruna, i la secret\u00e0ria de Medi ambient i Sostenibilitat, Marta Subir\u00e0, entre altres.<\/p>\n<p>En aquesta reuni\u00f3 s&#8217;han tractat diversos assumptes primordials per al territori, entre ells la millora de la mobilitat a la C-28 durant uns certs dies a l&#8217;any durant la temporada d&#8217;esqu\u00ed, on l&#8217;alta aflu\u00e8ncia de visitants col\u00b7lapsa la carretera durant hores.<\/p>\n<p>\u201c\u00c9s necessari que apostem per una soluci\u00f3 relativament r\u00e0pida que ens permeti descol\u00b7lapsar aquesta carretera per\u00f2 sempre tenint en el compte que les retencions es produeixen uns 30 o 40 dies a l&#8217;any i, per tant, tampoc podem fer una infraestructura que malmeti el territori\u201d, afirmava el s\u00edndic d&#8217;Aran, Franc\u00e9s Boya, afegint que: \u201cla proposta que hem fet al conseller \u00e9s la d&#8217;explorar la possibilitat de mantenir la carretera actual per\u00f2 amb un tercer carril reversible que sigui ambientalment sostenible en el qual, durant els mesos en qu\u00e8 la C-28 no t\u00e9 una aflu\u00e8ncia tan alta, pogu\u00e9s convertir-se una via verda que connecti amb el projecte Transgarona, la qual cosa permetria disposar d&#8217;una via ciclable que circuli per tota la Val d&#8217;Aran a excepci\u00f3 dels mesos d&#8217;hivern\u201d.<\/p>\n<p>Aquest tercer carril, era contemplat ja en l&#8217;Estudi de Mobilitat de la C-28 de la Generalitat i, en aquest sentit, el conseller Calvet ha expressat el seu comprom\u00eds per a \u201cpresentar aquest Estudi al territori en breu, obrir-lo a debat amb els seus Ajuntaments, els agents socioecon\u00f2mics i la ciutadania aranesa, perqu\u00e8, en un termini que no hauria de superar els tres mesos, puguem aportar projectes concrets que donin soluci\u00f3 a la problem\u00e0tica que es viu en aquesta carretera\u201d.<\/p>\n<p>D&#8217;altra banda, s&#8217;ha tractat tamb\u00e9 la problem\u00e0tica de l&#8217;habitatge, sobre la qual s&#8217;ha aconseguit el comprom\u00eds del Departament de Territori i Sostenibilitat de millorar el conveni en aquesta mat\u00e8ria entre totes dues institucions. \u201cHem plantejat al conseller poder crear una bossa d&#8217;habitatge social que ens permeti donar soluci\u00f3 als problemes m\u00e9s urgents que tenim en aquests moments que s\u00f3n, d&#8217;una banda, la situaci\u00f3 de les fam\u00edlies m\u00e9s vulnerables que es troben sense acc\u00e9s a l&#8217;habitatge i, per l&#8217;altra, la problem\u00e0tica dels treballadors temporals que no troben possibilitat d&#8217;allotjar-se durant la temporada d&#8217;hivern\u201d, afirmava Boya, afegint que: \u201cdes del govern del Conselh Generau volem realitzar una auditoria de tot l&#8217;habitatge disponible, veure de quina manera podem posar en el mercat els habitatges que estan en mans de les administracions o ajuntaments, impulsar l&#8217;habitatge social i posar en funcionament una estrat\u00e8gia al voltant de la rehabilitaci\u00f3 d&#8217;habitatges\u201d.<\/p>\n<p>A m\u00e9s, el conseller Calvet ha anunciat tamb\u00e9 que en les pr\u00f2ximes setmanes es far\u00e0 efectiva la publicaci\u00f3 del trasp\u00e0s al govern del Conselh Generau de les compet\u00e8ncies en gesti\u00f3 dels grans carn\u00edvors i la seva dotaci\u00f3 econ\u00f2mica, aprovada fa gaireb\u00e9 dos anys.<\/p>\n<p><a href=\"https:\/\/www.conselharan.org\/wp-content\/uploads\/2020\/10\/DSC_0338-scaled.jpg\"><img loading=\"lazy\" decoding=\"async\" class=\"aligncenter wp-image-36983 size-large\" src=\"https:\/\/www.conselharan.org\/wp-content\/uploads\/2020\/10\/DSC_0338-1024x681.jpg\" alt=\"\" width=\"1024\" height=\"681\" srcset=\"https:\/\/www.conselharan.org\/wp-content\/uploads\/2020\/10\/DSC_0338-1024x681.jpg 1024w, https:\/\/www.conselharan.org\/wp-content\/uploads\/2020\/10\/DSC_0338-300x199.jpg 300w, https:\/\/www.conselharan.org\/wp-content\/uploads\/2020\/10\/DSC_0338-768x511.jpg 768w, https:\/\/www.conselharan.org\/wp-content\/uploads\/2020\/10\/DSC_0338-1536x1021.jpg 1536w, https:\/\/www.conselharan.org\/wp-content\/uploads\/2020\/10\/DSC_0338-2048x1362.jpg 2048w\" sizes=\"(max-width: 1024px) 100vw, 1024px\" \/><\/a><\/p>\n ","protected":false},"excerpt":{"rendered":"<p>Durant la reuni\u00f3 mantinguda aquest mat\u00ed al Conselh Generau d&#8217;Aran, el s\u00edndic d&#8217;Aran ha aconseguit el comprom\u00eds del conseller de Territori i Sostenibilitat de la Generalitat per a fer front a dues problem\u00e0tiques clau al territori: l&#8217;habitatge i la mobilitat a la C-28 Aquest mat\u00ed el s\u00edndic d&#8217;Aran, Franc\u00e9s Boya, ha rebut a la seu&#8230;<\/p>\n","protected":false},"author":10,"featured_media":36981,"comment_status":"closed","ping_status":"closed","sticky":false,"template":"","format":"standard","meta":{"footnotes":""},"categories":[53,127],"tags":[],"_links":{"self":[{"href":"https:\/\/www.conselharan.org\/ca\/wp-json\/wp\/v2\/posts\/36991"}],"collection":[{"href":"https:\/\/www.conselharan.org\/ca\/wp-json\/wp\/v2\/posts"}],"about":[{"href":"https:\/\/www.conselharan.org\/ca\/wp-json\/wp\/v2\/types\/post"}],"author":[{"embeddable":true,"href":"https:\/\/www.conselharan.org\/ca\/wp-json\/wp\/v2\/users\/10"}],"replies":[{"embeddable":true,"href":"https:\/\/www.conselharan.org\/ca\/wp-json\/wp\/v2\/comments?post=36991"}],"version-history":[{"count":1,"href":"https:\/\/www.conselharan.org\/ca\/wp-json\/wp\/v2\/posts\/36991\/revisions"}],"predecessor-version":[{"id":36992,"href":"https:\/\/www.conselharan.org\/ca\/wp-json\/wp\/v2\/posts\/36991\/revisions\/36992"}],"wp:featuredmedia":[{"embeddable":true,"href":"https:\/\/www.conselharan.org\/ca\/wp-json\/wp\/v2\/media\/36981"}],"wp:attachment":[{"href":"https:\/\/www.conselharan.org\/ca\/wp-json\/wp\/v2\/media?parent=36991"}],"wp:term":[{"taxonomy":"category","embeddable":true,"href":"https:\/\/www.conselharan.org\/ca\/wp-json\/wp\/v2\/categories?post=36991"},{"taxonomy":"post_tag","embeddable":true,"href":"https:\/\/www.conselharan.org\/ca\/wp-json\/wp\/v2\/tags?post=36991"}],"curies":[{"name":"wp","href":"https:\/\/api.w.org\/{rel}","templated":true}]}}