{"id":3700,"date":"2014-05-22T12:25:36","date_gmt":"2014-05-22T10:25:36","guid":{"rendered":"http:\/\/www.conselharan.org\/?p=3700"},"modified":"2014-05-22T12:25:36","modified_gmt":"2014-05-22T10:25:36","slug":"la-val-daran-acull-el-xxxiii-campionat-nacional-de-karate-kyokushin-kwf","status":"publish","type":"post","link":"https:\/\/www.conselharan.org\/ca\/la-val-daran-acull-el-xxxiii-campionat-nacional-de-karate-kyokushin-kwf\/","title":{"rendered":"La Val d\u2019Aran acull el XXXIII Campionat Nacional de Karate Kyokushin (KWF)"},"content":{"rendered":"<p><strong>Un total de 265 participants van disputar dissabte passat, 17 de maig, el XXXIII Campionat de Karate Kyokushin (KWF) en les modalitats KUMITE (fins a 15 anys) i KATAS (fins a s\u00e8nior).<\/strong><br \/>\n<strong><\/strong><\/p>\n<p><strong>El campionat es va realitzar en el Palai d&#8217;Esp\u00f2rts de Vielha.<\/strong><\/p>\n<p><a href=\"http:\/\/www.conselharan.org\/wp-content\/uploads\/2014\/05\/karate-4.jpeg\"><img loading=\"lazy\" decoding=\"async\" class=\"aligncenter size-large wp-image-3695\" alt=\"karate 4\" src=\"http:\/\/www.conselharan.org\/wp-content\/uploads\/2014\/05\/karate-4-1024x998.jpeg\" width=\"1024\" height=\"998\" srcset=\"https:\/\/www.conselharan.org\/wp-content\/uploads\/2014\/05\/karate-4-1024x998.jpeg 1024w, https:\/\/www.conselharan.org\/wp-content\/uploads\/2014\/05\/karate-4-300x292.jpeg 300w\" sizes=\"(max-width: 1024px) 100vw, 1024px\" \/><\/a><\/p>\n<p>A m\u00e9s del Campionat Nacional es va celebrar tamb\u00e9 el <strong>IV Trofeu &#8220;YAMA NO KOKORO&#8221;<\/strong> en modalitats de 6-7 anys per KUMITE i de 8-9 anys i S\u00c8NIOR promoci\u00f3 en KATA.<\/p>\n<p>La jornada va transc\u00f3rrer des de les 11h00, amb la inauguraci\u00f3, i es va perllongar fins a les 18h30, amb la clausura del campionat. L&#8217;acte va ser presidit pel vicesindic d&#8217;Aran i conselh\u00e8r d&#8217;Esports,<strong> Lu\u00eds Carlos Medina<\/strong>, l&#8217;alcalde de Vielha e Mijaran,<strong> \u00c1lex Moga<\/strong>, i els shihanes,<strong> Antonio Pi\u00f1ero,<\/strong> president de la Federaci\u00f3 Europea<strong>, Javier S\u00e1nchez, Fernando P\u00e9rez<\/strong> (6\u00ba DAN), <strong>Javier Serrano, Manuel Gir\u00f3n, Tom\u00e1s Nevado<\/strong> i l&#8217;organitzador de l&#8217;acte, <strong>\u00c1ngel Mateo<\/strong> (tots ells 5\u00baDAN).<\/p>\n<p>El campionat va comptar amb la pres\u00e8ncia d&#8217;alguns dels actuals campions d&#8217;Europa del passat <strong>Chamionship de \u201cBOLOS\u201d Grecia<\/strong> celebrat el 9 de maig.<\/p>\n<p><strong>\u00c1ngel Mateo<\/strong>, shihan i organitzador de l&#8217;acte, es va mostrar molt satisfet <strong>\u201cha estat un gran campionat on hi ha hagut una gran participaci\u00f3 tant de p\u00fablic com de competidors\u201d.<\/strong><\/p>\n<p><a href=\"http:\/\/www.conselharan.org\/wp-content\/uploads\/2014\/05\/karate-1.jpg\"><img loading=\"lazy\" decoding=\"async\" class=\"aligncenter size-full wp-image-3698\" alt=\"karate 1\" src=\"http:\/\/www.conselharan.org\/wp-content\/uploads\/2014\/05\/karate-1.jpg\" width=\"922\" height=\"531\" srcset=\"https:\/\/www.conselharan.org\/wp-content\/uploads\/2014\/05\/karate-1.jpg 922w, https:\/\/www.conselharan.org\/wp-content\/uploads\/2014\/05\/karate-1-300x172.jpg 300w, https:\/\/www.conselharan.org\/wp-content\/uploads\/2014\/05\/karate-1-305x175.jpg 305w\" sizes=\"(max-width: 922px) 100vw, 922px\" \/><\/a><\/p>\n<p>Cal destacar els bons resultats dels alumnes de l&#8217;Escola de Karate del Palai de G\u00e8u :<\/p>\n<p><em><strong>KUMITE:<\/strong><\/em><\/p>\n<p>Cat. 8-9 30 Kg:<\/p>\n<p><strong>1\u00ba VICTOR PUENTE<\/strong><br \/>\n<strong> 2\u00ba MARC CORNEJO<\/strong><\/p>\n<p>Cat. 8 \u2013 9 40 Kg:<\/p>\n<p><strong>3\u00ba BELTRAN BASCONES<\/strong><\/p>\n<p>Cat. 10 \u2013 11 35 Kg:<\/p>\n<p>3\u00ba FABIO TOFAN<\/p>\n<p>Cat. 14 \u2013 15 65 Kg:<\/p>\n<p><strong>2\u00ba OSCAR GARCES<\/strong><\/p>\n<p><strong>KATAS:<\/strong><\/p>\n<p>&#8211; Juvenil masc. 14 \u2013 15:<\/p>\n<p><strong>2\u00ba OSCAR GARCES<\/strong><\/p>\n<p>&#8211; Benjam\u00edn masc. 8 \u2013 9:<\/p>\n<p><strong>2\u00ba BELTRAN BASCONES<\/strong><\/p>\n<p>&#8211; Pre-benjam\u00edn masc.:<\/p>\n<p><strong>2\u00ba HUGO SOLORZANO<\/strong><br \/>\n<strong> 3\u00ba NIL SOL\u00c9<\/strong><\/p>\n ","protected":false},"excerpt":{"rendered":"<p>Un total de 265 participants van disputar dissabte passat, 17 de maig, el XXXIII Campionat de Karate Kyokushin (KWF) en les modalitats KUMITE (fins a 15 anys) i KATAS (fins a s\u00e8nior). El campionat es va realitzar en el Palai d&#8217;Esp\u00f2rts de Vielha. A m\u00e9s del Campionat Nacional es va celebrar tamb\u00e9 el IV Trofeu&#8230;<\/p>\n","protected":false},"author":2,"featured_media":3695,"comment_status":"closed","ping_status":"closed","sticky":false,"template":"","format":"standard","meta":{"footnotes":""},"categories":[33,36],"tags":[],"_links":{"self":[{"href":"https:\/\/www.conselharan.org\/ca\/wp-json\/wp\/v2\/posts\/3700"}],"collection":[{"href":"https:\/\/www.conselharan.org\/ca\/wp-json\/wp\/v2\/posts"}],"about":[{"href":"https:\/\/www.conselharan.org\/ca\/wp-json\/wp\/v2\/types\/post"}],"author":[{"embeddable":true,"href":"https:\/\/www.conselharan.org\/ca\/wp-json\/wp\/v2\/users\/2"}],"replies":[{"embeddable":true,"href":"https:\/\/www.conselharan.org\/ca\/wp-json\/wp\/v2\/comments?post=3700"}],"version-history":[{"count":1,"href":"https:\/\/www.conselharan.org\/ca\/wp-json\/wp\/v2\/posts\/3700\/revisions"}],"predecessor-version":[{"id":3701,"href":"https:\/\/www.conselharan.org\/ca\/wp-json\/wp\/v2\/posts\/3700\/revisions\/3701"}],"wp:featuredmedia":[{"embeddable":true,"href":"https:\/\/www.conselharan.org\/ca\/wp-json\/wp\/v2\/media\/3695"}],"wp:attachment":[{"href":"https:\/\/www.conselharan.org\/ca\/wp-json\/wp\/v2\/media?parent=3700"}],"wp:term":[{"taxonomy":"category","embeddable":true,"href":"https:\/\/www.conselharan.org\/ca\/wp-json\/wp\/v2\/categories?post=3700"},{"taxonomy":"post_tag","embeddable":true,"href":"https:\/\/www.conselharan.org\/ca\/wp-json\/wp\/v2\/tags?post=3700"}],"curies":[{"name":"wp","href":"https:\/\/api.w.org\/{rel}","templated":true}]}}