{"id":3708,"date":"2014-05-22T10:00:37","date_gmt":"2014-05-22T08:00:37","guid":{"rendered":"http:\/\/www.conselharan.org\/?p=3708"},"modified":"2014-05-22T13:13:29","modified_gmt":"2014-05-22T11:13:29","slug":"el-patinador-aranes-ton-consul-vivar-premiat-com-a-campio-absolut-de-catalunya","status":"publish","type":"post","link":"https:\/\/www.conselharan.org\/ca\/el-patinador-aranes-ton-consul-vivar-premiat-com-a-campio-absolut-de-catalunya\/","title":{"rendered":"El patinador aran\u00e8s, T\u00f2n C\u00f3nsul Vivar, premiat com a campi\u00f3 absolut de Catalunya"},"content":{"rendered":"<p><strong>El passat dissabte dia 17 de maig, el Parc Ol\u00edmpic del Segre (La Seu d\u2019Urgell), va acollir l\u2019acte de Lliurament de premis als Campions absoluts de les diferents disciplines d\u2019esports d\u2019hivern.<\/strong><br \/>\n<strong>\u00a0<\/strong><\/p>\n<p><strong>La jornada va reunir a prop de dues cents persones entre autoritats, esportistes i convidats.<\/strong><\/p>\n<p><a href=\"http:\/\/www.conselharan.org\/wp-content\/uploads\/2014\/05\/MARTA-ANDRADE_-TON-CONSUL.jpg\"><img loading=\"lazy\" decoding=\"async\" class=\"aligncenter size-full wp-image-3705\" alt=\"MARTA ANDRADE_ TON CONSUL\" src=\"http:\/\/www.conselharan.org\/wp-content\/uploads\/2014\/05\/MARTA-ANDRADE_-TON-CONSUL.jpg\" width=\"720\" height=\"717\" srcset=\"https:\/\/www.conselharan.org\/wp-content\/uploads\/2014\/05\/MARTA-ANDRADE_-TON-CONSUL.jpg 720w, https:\/\/www.conselharan.org\/wp-content\/uploads\/2014\/05\/MARTA-ANDRADE_-TON-CONSUL-150x150.jpg 150w, https:\/\/www.conselharan.org\/wp-content\/uploads\/2014\/05\/MARTA-ANDRADE_-TON-CONSUL-300x298.jpg 300w, https:\/\/www.conselharan.org\/wp-content\/uploads\/2014\/05\/MARTA-ANDRADE_-TON-CONSUL-270x270.jpg 270w, https:\/\/www.conselharan.org\/wp-content\/uploads\/2014\/05\/MARTA-ANDRADE_-TON-CONSUL-207x207.jpg 207w, https:\/\/www.conselharan.org\/wp-content\/uploads\/2014\/05\/MARTA-ANDRADE_-TON-CONSUL-75x75.jpg 75w\" sizes=\"(max-width: 720px) 100vw, 720px\" \/><\/a><\/p>\n<p>Durant l\u2019acte, es va fer entrega de les medalles UFEC als Campions de Catalunya absoluts i els trofeus als clubs guanyadors de les Lligues i Circuits de les diferents modalitats d\u2019esports d\u2019hivern.<\/p>\n<p>El patinador aran\u00e8s, <strong>T\u00f2n C\u00f3nsul<\/strong>, va rebre la medalla com a Campi\u00f3 de Catalunya Absolut. Aquest reconeixement atorgat per la Uni\u00f3 de Federacions Esportives de Catalunya (UFEC) est\u00e0 dissenyat per l\u2019artista Benet Costa.<\/p>\n<p>D\u2019altra banda, l\u2019esportista catalana de patinatge art\u00edstic sobre gel, Marta Andrade, va rebre el premi al m\u00e8rit esportiu. Marta va finalitzar la seva participaci\u00f3 en les competicions l\u2019any 2002 i actualment treballa com a professora titular de patinatge en la secci\u00f3 de Patinatge Art\u00edstic sobre gel del FC Barcelona, col\u2022laborant en la formaci\u00f3 i entrenament esportiu de <strong>T\u00f2n C\u00f3nsul<\/strong>. Marta va participar en dos Jocs Ol\u00edmpics. Va obtenir la 20a posici\u00f3 en els Jocs Ol\u00edmpics d&#8217;hivern de 1994 a Lillehammer i la 22a als Jocs Ol\u00edmpics d&#8217;hivern de 1998 a Nagano. A m\u00e9s, va participar en 11 Campionats del M\u00f3n, 7 d\u2019Europa 2 Universiades i ha estat 12 vegades Campiona d\u2019Espanya i 13 de Catalunya.<\/p>\n<p><strong>T\u00f2n<\/strong>, va signar aquest any un conveni amb el <strong>Conselh Generau d\u2019Aran<\/strong> i <strong>Foment Torisme Val d\u2019Aran<\/strong> per promocionar la destinaci\u00f3 tur\u00edstica esportiva Val d\u2019Aran pel m\u00f3n, representada en la imatge i en els valors del jove patinador, i de l&#8217;equip del que forma part, mitjan\u00e7ant el patrocini institucional.<\/p>\n ","protected":false},"excerpt":{"rendered":"<p>El passat dissabte dia 17 de maig, el Parc Ol\u00edmpic del Segre (La Seu d\u2019Urgell), va acollir l\u2019acte de Lliurament de premis als Campions absoluts de les diferents disciplines d\u2019esports d\u2019hivern. \u00a0 La jornada va reunir a prop de dues cents persones entre autoritats, esportistes i convidats. Durant l\u2019acte, es va fer entrega de les&#8230;<\/p>\n","protected":false},"author":2,"featured_media":3707,"comment_status":"closed","ping_status":"closed","sticky":false,"template":"","format":"standard","meta":{"footnotes":""},"categories":[33,36],"tags":[],"_links":{"self":[{"href":"https:\/\/www.conselharan.org\/ca\/wp-json\/wp\/v2\/posts\/3708"}],"collection":[{"href":"https:\/\/www.conselharan.org\/ca\/wp-json\/wp\/v2\/posts"}],"about":[{"href":"https:\/\/www.conselharan.org\/ca\/wp-json\/wp\/v2\/types\/post"}],"author":[{"embeddable":true,"href":"https:\/\/www.conselharan.org\/ca\/wp-json\/wp\/v2\/users\/2"}],"replies":[{"embeddable":true,"href":"https:\/\/www.conselharan.org\/ca\/wp-json\/wp\/v2\/comments?post=3708"}],"version-history":[{"count":1,"href":"https:\/\/www.conselharan.org\/ca\/wp-json\/wp\/v2\/posts\/3708\/revisions"}],"predecessor-version":[{"id":3709,"href":"https:\/\/www.conselharan.org\/ca\/wp-json\/wp\/v2\/posts\/3708\/revisions\/3709"}],"wp:featuredmedia":[{"embeddable":true,"href":"https:\/\/www.conselharan.org\/ca\/wp-json\/wp\/v2\/media\/3707"}],"wp:attachment":[{"href":"https:\/\/www.conselharan.org\/ca\/wp-json\/wp\/v2\/media?parent=3708"}],"wp:term":[{"taxonomy":"category","embeddable":true,"href":"https:\/\/www.conselharan.org\/ca\/wp-json\/wp\/v2\/categories?post=3708"},{"taxonomy":"post_tag","embeddable":true,"href":"https:\/\/www.conselharan.org\/ca\/wp-json\/wp\/v2\/tags?post=3708"}],"curies":[{"name":"wp","href":"https:\/\/api.w.org\/{rel}","templated":true}]}}