{"id":3715,"date":"2014-05-22T09:02:08","date_gmt":"2014-05-22T07:02:08","guid":{"rendered":"http:\/\/www.conselharan.org\/?p=3715"},"modified":"2014-05-22T16:03:51","modified_gmt":"2014-05-22T14:03:51","slug":"el-club-aranes-desports-diuern-caei-guanya-la-31a-lliga-catalana-dinfantils-u1614","status":"publish","type":"post","link":"https:\/\/www.conselharan.org\/ca\/el-club-aranes-desports-diuern-caei-guanya-la-31a-lliga-catalana-dinfantils-u1614\/","title":{"rendered":"El Club Aran\u00e9s d\u2019Esp\u00f2rts d\u2019Iu\u00e8rn (CAEI) guanya la 31a \u201cLliga Catalana\u201d d&#8217;Infantils (U16\/14)"},"content":{"rendered":"<p><a href=\"http:\/\/www.conselharan.org\/wp-content\/uploads\/2014\/05\/CAEI_31-LLIGA-CATALANA-1.jpg\"><img loading=\"lazy\" decoding=\"async\" class=\"aligncenter size-large wp-image-3713\" alt=\"CAEI_31 LLIGA CATALANA 1\" src=\"http:\/\/www.conselharan.org\/wp-content\/uploads\/2014\/05\/CAEI_31-LLIGA-CATALANA-1-1024x575.jpg\" width=\"1024\" height=\"575\" srcset=\"https:\/\/www.conselharan.org\/wp-content\/uploads\/2014\/05\/CAEI_31-LLIGA-CATALANA-1-1024x575.jpg 1024w, https:\/\/www.conselharan.org\/wp-content\/uploads\/2014\/05\/CAEI_31-LLIGA-CATALANA-1-300x168.jpg 300w, https:\/\/www.conselharan.org\/wp-content\/uploads\/2014\/05\/CAEI_31-LLIGA-CATALANA-1.jpg 1065w\" sizes=\"(max-width: 1024px) 100vw, 1024px\" \/><\/a><\/p>\n<p>Una vegada finalitzada la temporada d&#8217;hivern 2013-2014, el cap de setmana passat es va donar cita al tradicional repartiment de premis de la Lliga Catalana que s&#8217;organitza en el Parc del Segre de la Seu d\u2019Urgell, aquest acte va ser presidit pel president de la FCEH, \u00d3scar Cruz i acompanyat pel president de la RFEDI, Eduardo Rold\u00e1n.<\/p>\n<p>Despr\u00e9s de competir en totes les carreres de la Lliga Catalana, organitzada per la FCEH i els diferents Clubs, els corredors i els Clubs Catalans obtenen una suma de punts que d\u00f3na la classificaci\u00f3 final. El <strong>CAEI<\/strong>, patrocinat per AUDI-Superwagen i amb representaci\u00f3 esportiva en les diferents categories de la Lliga Catalana, ha guanyat 31\u00aa \u201cLliga Catalana\u201d d&#8217;Infantils grups U16\/14. Aquesta \u00e9s l&#8217;\u00fanica lliga oficial de l&#8217;estat Espa\u00f1ol.<\/p>\n<p><em><strong>Classificaci\u00f3 per Clubs 31\u00aa Lliga Catalana categoria Infantil, U16\/14<\/strong><\/em><\/p>\n<p><strong>1\u00ba CAEI 10.036 punts<\/strong><br \/>\n2\u00ba CANM-C 5.925 punts<br \/>\n3\u00ba LMCE 5.151 punts<\/p>\n<p>En<em><strong> U16 Homes<\/strong><\/em>, destacar la 1a pla\u00e7a d&#8217;<strong>AINGERU GARAI<\/strong> amb 1.100 punts, 3a de <strong>BORJA SABUGAL<\/strong> amb 770, 4a de<strong> RAMON BARRUFET<\/strong> amb 730 i la 5\u00aa posici\u00f3 d&#8217;<strong>ADRIA CUNYAT<\/strong> amb 624.<\/p>\n<p>En <em><strong>U16 Dames<\/strong><\/em>, la millor del <strong>CAEI<\/strong> va ser <strong>MIREN MIQUEL<\/strong>, 5a amb 666 punts.<\/p>\n<p>En <em><strong>U14 Dames<\/strong><\/em>, destacar la 3a pla\u00e7a d<strong>&#8216;ELSA MARISTANY<\/strong> amb 868 punts seguida per les seves companyes de grup <strong>CLARA ALBERT<\/strong> 4a amb 867 punts i <strong>CARMELA OLMO<\/strong> 5a amb 844 punts.<\/p>\n<p>En la Lliga Catalana puntuen sempre els 10 primers classificats i aquests donen els seus punts al Club per poder determinar les classificacions finals per Clubs.<\/p>\n ","protected":false},"excerpt":{"rendered":"<p>Una vegada finalitzada la temporada d&#8217;hivern 2013-2014, el cap de setmana passat es va donar cita al tradicional repartiment de premis de la Lliga Catalana que s&#8217;organitza en el Parc del Segre de la Seu d\u2019Urgell, aquest acte va ser presidit pel president de la FCEH, \u00d3scar Cruz i acompanyat pel president de la RFEDI,&#8230;<\/p>\n","protected":false},"author":2,"featured_media":3713,"comment_status":"closed","ping_status":"closed","sticky":false,"template":"page-onesidebar.php","format":"standard","meta":{"footnotes":""},"categories":[33,36],"tags":[],"_links":{"self":[{"href":"https:\/\/www.conselharan.org\/ca\/wp-json\/wp\/v2\/posts\/3715"}],"collection":[{"href":"https:\/\/www.conselharan.org\/ca\/wp-json\/wp\/v2\/posts"}],"about":[{"href":"https:\/\/www.conselharan.org\/ca\/wp-json\/wp\/v2\/types\/post"}],"author":[{"embeddable":true,"href":"https:\/\/www.conselharan.org\/ca\/wp-json\/wp\/v2\/users\/2"}],"replies":[{"embeddable":true,"href":"https:\/\/www.conselharan.org\/ca\/wp-json\/wp\/v2\/comments?post=3715"}],"version-history":[{"count":1,"href":"https:\/\/www.conselharan.org\/ca\/wp-json\/wp\/v2\/posts\/3715\/revisions"}],"predecessor-version":[{"id":3716,"href":"https:\/\/www.conselharan.org\/ca\/wp-json\/wp\/v2\/posts\/3715\/revisions\/3716"}],"wp:featuredmedia":[{"embeddable":true,"href":"https:\/\/www.conselharan.org\/ca\/wp-json\/wp\/v2\/media\/3713"}],"wp:attachment":[{"href":"https:\/\/www.conselharan.org\/ca\/wp-json\/wp\/v2\/media?parent=3715"}],"wp:term":[{"taxonomy":"category","embeddable":true,"href":"https:\/\/www.conselharan.org\/ca\/wp-json\/wp\/v2\/categories?post=3715"},{"taxonomy":"post_tag","embeddable":true,"href":"https:\/\/www.conselharan.org\/ca\/wp-json\/wp\/v2\/tags?post=3715"}],"curies":[{"name":"wp","href":"https:\/\/api.w.org\/{rel}","templated":true}]}}