{"id":37235,"date":"2020-10-27T14:04:54","date_gmt":"2020-10-27T13:04:54","guid":{"rendered":"https:\/\/www.conselharan.org\/eth-sindic-daran-nomenat-secretari-generau-entath-repte-demografic\/"},"modified":"2020-10-27T14:39:58","modified_gmt":"2020-10-27T13:39:58","slug":"eth-sindic-daran-nomenat-secretari-generau-entath-repte-demografic","status":"publish","type":"post","link":"https:\/\/www.conselharan.org\/ca\/eth-sindic-daran-nomenat-secretari-generau-entath-repte-demografic\/","title":{"rendered":"El S\u00edndic d&#8217;Aran nomenat Secretari General per al Repte Demogr\u00e0fic"},"content":{"rendered":"<p><a href=\"https:\/\/www.conselharan.org\/wp-content\/uploads\/2020\/10\/20190618_GKMPH_0884-683x1024-1-e1603803782589.jpg\"><img loading=\"lazy\" decoding=\"async\" class=\"aligncenter wp-image-37223 size-full\" src=\"https:\/\/www.conselharan.org\/wp-content\/uploads\/2020\/10\/20190618_GKMPH_0884-683x1024-1-e1603803782589.jpg\" alt=\"\" width=\"683\" height=\"642\" srcset=\"https:\/\/www.conselharan.org\/wp-content\/uploads\/2020\/10\/20190618_GKMPH_0884-683x1024-1-e1603803782589.jpg 683w, https:\/\/www.conselharan.org\/wp-content\/uploads\/2020\/10\/20190618_GKMPH_0884-683x1024-1-e1603803782589-300x282.jpg 300w\" sizes=\"(max-width: 683px) 100vw, 683px\" \/><\/a><\/p>\n<ul>\n<li>\n<h3><strong>El Consell de Ministres ha nomenat avui al S\u00edndic d&#8217;Aran, Franc\u00e9s Boya, Secretari General per al Repte Demogr\u00e0fic, un c\u00e0rrec que reconeix el seu treball pel desenvolupament dels territoris de muntanya i el m\u00f3n rural i que suposa tamb\u00e9 un reconeixement per a Aran i les oportunitats de futur que s&#8217;obren per al territori<\/strong><\/h3>\n<\/li>\n<li>\n<h3><strong>Aquest dijous se celebrar\u00e0 un ple extraordinari del Conselh Generau d\u2019Aran en el qual Boya presentar\u00e0 la seva ren\u00fancia com a S\u00edndic i ser\u00e0 la Vices\u00edndica primera, Maria Verg\u00e9s, qui assumeixi el c\u00e0rrec<\/strong><\/h3>\n<\/li>\n<\/ul>\n<p>El S\u00edndic d&#8217;Aran, Franc\u00e9s Boya, ha confirmat que el Consell de Ministres l&#8217;ha nomenat Secretari General per al Repte Demogr\u00e0fic, un nomenament que resulta incompatible amb les funcions de S\u00edndic, tal com estableix la Llei d&#8217;Aran, per la qual cosa est\u00e0 previst que presenti la seva ren\u00fancia com a S\u00edndic dijous que ve, 29 d&#8217;octubre, en un ple extraordinari en el qual l&#8217;actual vices\u00edndica primera, Maria Verg\u00e9s, passa a assumir la sindicatura.<\/p>\n<p><a href=\"https:\/\/www.conselharan.org\/wp-content\/uploads\/2020\/10\/20190618_GKMPH_0852-683x1024-1-1-e1603803869170.jpg\"><img loading=\"lazy\" decoding=\"async\" class=\"aligncenter wp-image-37226 size-full\" src=\"https:\/\/www.conselharan.org\/wp-content\/uploads\/2020\/10\/20190618_GKMPH_0852-683x1024-1-1-e1603803869170.jpg\" alt=\"\" width=\"683\" height=\"629\" srcset=\"https:\/\/www.conselharan.org\/wp-content\/uploads\/2020\/10\/20190618_GKMPH_0852-683x1024-1-1-e1603803869170.jpg 683w, https:\/\/www.conselharan.org\/wp-content\/uploads\/2020\/10\/20190618_GKMPH_0852-683x1024-1-1-e1603803869170-300x276.jpg 300w\" sizes=\"(max-width: 683px) 100vw, 683px\" \/><\/a><\/p>\n<p>\u201cPer a mi <strong>\u00e9s un honor i un orgull haver ostentat el c\u00e0rrec de S\u00edndic<\/strong>, representant a Aran i els seus interessos i treballant, durant tota la meva vida, i juntament amb els consellers i conselleres en aquesta \u00faltima etapa, per a millorar la vida de la seva gent\u201d, assegura Boya, afegint que el seu comprom\u00eds amb Aran no canvia gens: \u201c<strong>segueixo totalment comprom\u00e8s amb Aran i la seva gent<\/strong>. En tot aquest temps, hem treballat de manera intensa per a desenvolupar pol\u00edtiques i projectes que impacten positivament en la vida dels aranesos i araneses, amb resultats molt notables que podrem millorar en aquest nou temps\u201d.<\/p>\n<p>Aquest nomenament, explica \u201creconeix el treball de moltes persones que durant aquests anys hem treballat pel reconeixement dels territoris de muntanya i el m\u00f3n rural i ens donen l&#8217;oportunitat de gestionar les pol\u00edtiques vinculades a la cohesi\u00f3 territorial i de les quals dependr\u00e0 el futur pr\u00f2xim per\u00f2, especialment, aquest futur que a llarg termini volem per als nostres territoris i per als nostres fills i filles\u201d. Aix\u00ed mateix ha assegurat que aquest \u00e9s un pas que respon a una decisi\u00f3 \u201cmolt meditada i compartida amb tots els consellers i conselleres del govern aran\u00e8s, en la qual hem valorat el seu significat com a <strong>reconeixement per a Aran i les oportunitats de futur que s&#8217;obren per al nostre territori<\/strong>\u201d.<\/p>\n ","protected":false},"excerpt":{"rendered":"<p>El Consell de Ministres ha nomenat avui al S\u00edndic d&#8217;Aran, Franc\u00e9s Boya, Secretari General per al Repte Demogr\u00e0fic, un c\u00e0rrec que reconeix el seu treball pel desenvolupament dels territoris de muntanya i el m\u00f3n rural i que suposa tamb\u00e9 un reconeixement per a Aran i les oportunitats de futur que s&#8217;obren per al territori Aquest&#8230;<\/p>\n","protected":false},"author":10,"featured_media":37224,"comment_status":"closed","ping_status":"closed","sticky":false,"template":"","format":"standard","meta":{"footnotes":""},"categories":[53],"tags":[],"_links":{"self":[{"href":"https:\/\/www.conselharan.org\/ca\/wp-json\/wp\/v2\/posts\/37235"}],"collection":[{"href":"https:\/\/www.conselharan.org\/ca\/wp-json\/wp\/v2\/posts"}],"about":[{"href":"https:\/\/www.conselharan.org\/ca\/wp-json\/wp\/v2\/types\/post"}],"author":[{"embeddable":true,"href":"https:\/\/www.conselharan.org\/ca\/wp-json\/wp\/v2\/users\/10"}],"replies":[{"embeddable":true,"href":"https:\/\/www.conselharan.org\/ca\/wp-json\/wp\/v2\/comments?post=37235"}],"version-history":[{"count":2,"href":"https:\/\/www.conselharan.org\/ca\/wp-json\/wp\/v2\/posts\/37235\/revisions"}],"predecessor-version":[{"id":37237,"href":"https:\/\/www.conselharan.org\/ca\/wp-json\/wp\/v2\/posts\/37235\/revisions\/37237"}],"wp:featuredmedia":[{"embeddable":true,"href":"https:\/\/www.conselharan.org\/ca\/wp-json\/wp\/v2\/media\/37224"}],"wp:attachment":[{"href":"https:\/\/www.conselharan.org\/ca\/wp-json\/wp\/v2\/media?parent=37235"}],"wp:term":[{"taxonomy":"category","embeddable":true,"href":"https:\/\/www.conselharan.org\/ca\/wp-json\/wp\/v2\/categories?post=37235"},{"taxonomy":"post_tag","embeddable":true,"href":"https:\/\/www.conselharan.org\/ca\/wp-json\/wp\/v2\/tags?post=37235"}],"curies":[{"name":"wp","href":"https:\/\/api.w.org\/{rel}","templated":true}]}}