{"id":37304,"date":"2020-10-29T13:50:50","date_gmt":"2020-10-29T12:50:50","guid":{"rendered":"https:\/\/www.conselharan.org\/maria-verges-naua-sindica-daran\/"},"modified":"2020-10-29T14:05:36","modified_gmt":"2020-10-29T13:05:36","slug":"maria-verges-naua-sindica-daran","status":"publish","type":"post","link":"https:\/\/www.conselharan.org\/ca\/maria-verges-naua-sindica-daran\/","title":{"rendered":"Maria Verg\u00e9s, nova S\u00edndica d&#8217;Aran"},"content":{"rendered":"<p><a href=\"https:\/\/www.conselharan.org\/wp-content\/uploads\/2020\/10\/20201029_GKMPH_0145.jpg\"><img loading=\"lazy\" decoding=\"async\" class=\"aligncenter wp-image-37289 size-large\" src=\"https:\/\/www.conselharan.org\/wp-content\/uploads\/2020\/10\/20201029_GKMPH_0145-1024x683.jpg\" alt=\"\" width=\"1024\" height=\"683\" srcset=\"https:\/\/www.conselharan.org\/wp-content\/uploads\/2020\/10\/20201029_GKMPH_0145-1024x683.jpg 1024w, https:\/\/www.conselharan.org\/wp-content\/uploads\/2020\/10\/20201029_GKMPH_0145-300x200.jpg 300w, https:\/\/www.conselharan.org\/wp-content\/uploads\/2020\/10\/20201029_GKMPH_0145-768x512.jpg 768w, https:\/\/www.conselharan.org\/wp-content\/uploads\/2020\/10\/20201029_GKMPH_0145-1536x1024.jpg 1536w, https:\/\/www.conselharan.org\/wp-content\/uploads\/2020\/10\/20201029_GKMPH_0145-2048x1366.jpg 2048w\" sizes=\"(max-width: 1024px) 100vw, 1024px\" \/><\/a><\/p>\n<h6><strong>Imatge: Gorka Mart\u00ednez &#8211; gkmph<\/strong><\/h6>\n<p>&nbsp;<\/p>\n<ul>\n<li>\n<h3><strong>Despr\u00e9s de la ren\u00fancia del S\u00edndic Boya pel seu nomenament com a Secretari General per al Repte Demogr\u00e0fic, el Ple del Conselh Generau d\u2019Aran ha triat avui a Maria Verg\u00e9s, que actualment ocupava la vicesindicatura primera, com a S\u00edndica d&#8217;Aran<\/strong><\/h3>\n<\/li>\n<\/ul>\n<p>Aquesta setmana, el fins ara S\u00edndic d&#8217;Aran, Franc\u00e9s Boya, va ser nomenat pel Consell de Ministres Secretari General per al Repte Demogr\u00e0fic, un nomenament incompatible amb les funcions de sindicatura. Per aquest motiu, en la sessi\u00f3 extraordin\u00e0ria del Ple del Conselh Generau d\u2019Aran celebrada avui, Boya ha presentat la seva ren\u00fancia al c\u00e0rrec i la fins ara vices\u00edndica primera, Maria Verg\u00e9s, ha estat triada com a nova S\u00edndica d&#8217;Aran.<\/p>\n<p>\u201cPer a mi, com a aranesa, \u00e9s un gran honor poder assumir aquest c\u00e0rrec i ho faig amb el mateix comprom\u00eds i responsabilitat que he tingut fins ara com vices\u00edndica i <em>conselh\u00e8ra<\/em>\u201d, ha assegurat la S\u00edndica d&#8217;Aran, Maria Verg\u00e9s, afegint que: \u201caquesta ha estat una decisi\u00f3 molt meditada i compartida amb tots els <em>conselh\u00e8rs<\/em> i <em>conselh\u00e8res<\/em> de govern i no comportar\u00e0 una reestructuraci\u00f3 del govern del Conselh Generau d\u2019Aran, m\u00e9s enll\u00e0 d&#8217;algun reajustament. Per part meva, continuar\u00e9 mantenint les meves responsabilitats en els \u00e0mbits que fins ara he gestionat directament\u201d.<\/p>\n<p>Els principals projectes de la legislatura, ha afirmat la S\u00edndica d&#8217;Aran, \u201ccom \u00e9s el cas de la candidatura de la Val d&#8217;Aran a Reserva de la Biosfera, el projecte de sostenibilitat tur\u00edstica dotat pel Govern de l&#8217;Estat amb 2,5 milions d&#8217;euros, l&#8217;estrat\u00e8gia de gesti\u00f3 forestal que s&#8217;espera poder implementar en 2021, el HUB d&#8217;innovaci\u00f3 en territoris de muntanya que molt aviat obrir\u00e0 les seves portes i tot el treball realitzat en l&#8217;\u00e0mbit sanitari en aquests moments tan complicats, s\u00f3n projectes ja encaminats i en els quals el govern d&#8217;Aran continuar\u00e0 treballant per a implementar-los i fer la vida dels aranesos i araneses m\u00e9s f\u00e0cil\u201d.<\/p>\n<p>Boya conservar\u00e0 el seu comprom\u00eds amb el govern d&#8217;Aran com <em>conselh\u00e8r<\/em>, donant suport en els \u00e0mbits que han dep\u00e8s d&#8217;ell, com \u00e9s el cas dels departaments de Pompi\u00e8rs-Emerg\u00e9ncies i Noves Tecnologies i Innovaci\u00f3.<\/p>\n<p>En aquest sentit, ha afirmat que: \u201cla S\u00edndica d&#8217;Aran comptar\u00e0 amb tot el meu suport per a donar seguiment als reptes plantejats i, per descomptat, tot l&#8217;equip de govern continuar\u00e0 tenint la meva ajuda per a tot all\u00f2 que sigui necessari\u201d, i ha afegit que: \u201cla Secretaria General per al Repte Demogr\u00e0fic \u00e9s tamb\u00e9 una gran oportunitat per a donar suport als projectes iniciats pel Conselh Generau per a convertir la Val d&#8217;Aran en un territori referent en l&#8217;\u00e0mbit de la innovaci\u00f3 en les zones rurals i de muntanya. El meu comprom\u00eds amb Aran es mant\u00e9 i es mantindr\u00e0 sempre\u201d.<\/p>\n ","protected":false},"excerpt":{"rendered":"<p>Imatge: Gorka Mart\u00ednez &#8211; gkmph &nbsp; Despr\u00e9s de la ren\u00fancia del S\u00edndic Boya pel seu nomenament com a Secretari General per al Repte Demogr\u00e0fic, el Ple del Conselh Generau d\u2019Aran ha triat avui a Maria Verg\u00e9s, que actualment ocupava la vicesindicatura primera, com a S\u00edndica d&#8217;Aran Aquesta setmana, el fins ara S\u00edndic d&#8217;Aran, Franc\u00e9s Boya,&#8230;<\/p>\n","protected":false},"author":10,"featured_media":37290,"comment_status":"closed","ping_status":"closed","sticky":false,"template":"","format":"standard","meta":{"footnotes":""},"categories":[53],"tags":[],"_links":{"self":[{"href":"https:\/\/www.conselharan.org\/ca\/wp-json\/wp\/v2\/posts\/37304"}],"collection":[{"href":"https:\/\/www.conselharan.org\/ca\/wp-json\/wp\/v2\/posts"}],"about":[{"href":"https:\/\/www.conselharan.org\/ca\/wp-json\/wp\/v2\/types\/post"}],"author":[{"embeddable":true,"href":"https:\/\/www.conselharan.org\/ca\/wp-json\/wp\/v2\/users\/10"}],"replies":[{"embeddable":true,"href":"https:\/\/www.conselharan.org\/ca\/wp-json\/wp\/v2\/comments?post=37304"}],"version-history":[{"count":3,"href":"https:\/\/www.conselharan.org\/ca\/wp-json\/wp\/v2\/posts\/37304\/revisions"}],"predecessor-version":[{"id":37311,"href":"https:\/\/www.conselharan.org\/ca\/wp-json\/wp\/v2\/posts\/37304\/revisions\/37311"}],"wp:featuredmedia":[{"embeddable":true,"href":"https:\/\/www.conselharan.org\/ca\/wp-json\/wp\/v2\/media\/37290"}],"wp:attachment":[{"href":"https:\/\/www.conselharan.org\/ca\/wp-json\/wp\/v2\/media?parent=37304"}],"wp:term":[{"taxonomy":"category","embeddable":true,"href":"https:\/\/www.conselharan.org\/ca\/wp-json\/wp\/v2\/categories?post=37304"},{"taxonomy":"post_tag","embeddable":true,"href":"https:\/\/www.conselharan.org\/ca\/wp-json\/wp\/v2\/tags?post=37304"}],"curies":[{"name":"wp","href":"https:\/\/api.w.org\/{rel}","templated":true}]}}