{"id":37333,"date":"2020-10-30T15:32:56","date_gmt":"2020-10-30T14:32:56","guid":{"rendered":"https:\/\/www.conselharan.org\/eth-conselh-generau-daran-da-responsa-ara-demana-des-vesins-darties-enta-extreir-es-contenedors-der-interior-deth-poble\/"},"modified":"2020-10-30T15:35:22","modified_gmt":"2020-10-30T14:35:22","slug":"eth-conselh-generau-daran-da-responsa-ara-demana-des-vesins-darties-enta-extreir-es-contenedors-der-interior-deth-poble","status":"publish","type":"post","link":"https:\/\/www.conselharan.org\/ca\/eth-conselh-generau-daran-da-responsa-ara-demana-des-vesins-darties-enta-extreir-es-contenedors-der-interior-deth-poble\/","title":{"rendered":"El Conselh Generau d\u2019Aran d\u00f3na resposta a la petici\u00f3 dels ve\u00efns d&#8217;Arties per a extreure els contenidors de l&#8217;interior del poble"},"content":{"rendered":"<p><a href=\"https:\/\/www.conselharan.org\/wp-content\/uploads\/2020\/10\/Arties.jpeg\"><img loading=\"lazy\" decoding=\"async\" class=\"aligncenter wp-image-37325 size-large\" src=\"https:\/\/www.conselharan.org\/wp-content\/uploads\/2020\/10\/Arties-1024x680.jpeg\" alt=\"\" width=\"1024\" height=\"680\" srcset=\"https:\/\/www.conselharan.org\/wp-content\/uploads\/2020\/10\/Arties-1024x680.jpeg 1024w, https:\/\/www.conselharan.org\/wp-content\/uploads\/2020\/10\/Arties-300x199.jpeg 300w, https:\/\/www.conselharan.org\/wp-content\/uploads\/2020\/10\/Arties-768x510.jpeg 768w, https:\/\/www.conselharan.org\/wp-content\/uploads\/2020\/10\/Arties-1536x1020.jpeg 1536w, https:\/\/www.conselharan.org\/wp-content\/uploads\/2020\/10\/Arties.jpeg 1600w\" sizes=\"(max-width: 1024px) 100vw, 1024px\" \/><\/a><\/p>\n<ul>\n<li>\n<h3><strong> Donant resposta a les peticions dels ve\u00efns i ve\u00efnes d&#8217;Arties, el Conselh Generau d\u2019Aran ha decidit conjuntament amb l&#8217;Ajuntament de Naut Aran i la EMD d&#8217;Arties i Garos extreure els contenidors de l&#8217;interior del poble i crear una nova illa de contenidors a l&#8217;entrada a la poblaci\u00f3 pel carrer M\u00f2la<\/strong><\/h3>\n<\/li>\n<\/ul>\n<p>El conseller de Territori, Paisatge i Gesti\u00f3 ambiental, Oriol Sala, i el conseller d&#8217;Economia, Turisme i Promoci\u00f3 econ\u00f2mica, Josep Canut, s&#8217;han reunit aquest mat\u00ed amb l&#8217;alcalde de Naut Aran, C\u00e9sar Ruiz-Canela, i la presidenta de la EMD d&#8217;Arties i Garos, Lina Fanlo, i els serveis t\u00e8cnics de gesti\u00f3 de residus del Conselh Generau d\u2019Aran, per a determinar un nou empla\u00e7ament dels contenidors que actualment es troben a l&#8217;interior del poble d&#8217;Arties, donant resposta aix\u00ed a una petici\u00f3 presentada pels ve\u00efns i ve\u00efnes de la poblaci\u00f3 per retirar els contenidors soterrats de la zona urbana.<\/p>\n<p>\u201cLa passada tardor ja ens vam reunir amb els alcaldes i alcaldesses per a determinar de quina forma pod\u00edem millorar el servei de recollida d&#8217;escombraries en cada poble\u201d, ha recordat el conseller Sala, especificant que: \u201cen el cas d&#8217;Arties vam proposar la modificaci\u00f3 de posici\u00f3 d&#8217;algunes illes de dif\u00edcil acc\u00e9s, especialment en \u00e8poca d&#8217;hivern, que avui hem consensuat que siguin retirades de la zona urbana\u201d.<\/p>\n<p>S&#8217;ha decidit extreure els contenidors actualment situats a l&#8217;interior del poble i crear una macroilla en un solar prop de l&#8217;entrada a Arties pel carrer M\u00f2la, que s&#8217;adequar\u00e0 amb la col\u00b7laboraci\u00f3 del consistori municipal.<\/p>\n<p>\u201cDes del govern del Conselh Generau d\u2019Aran pensem que aquest reajustament ser\u00e0 positiu per a millorar el servei de recollida i evitar les acumulacions i altres problem\u00e0tiques que comporten, especialment, els contenidors soterrats que ara mateix se situen en plena zona urbana del poble d&#8217;Arties\u201d, afirma el conseller Canut.<\/p>\n ","protected":false},"excerpt":{"rendered":"<p>Donant resposta a les peticions dels ve\u00efns i ve\u00efnes d&#8217;Arties, el Conselh Generau d\u2019Aran ha decidit conjuntament amb l&#8217;Ajuntament de Naut Aran i la EMD d&#8217;Arties i Garos extreure els contenidors de l&#8217;interior del poble i crear una nova illa de contenidors a l&#8217;entrada a la poblaci\u00f3 pel carrer M\u00f2la El conseller de Territori, Paisatge&#8230;<\/p>\n","protected":false},"author":10,"featured_media":37326,"comment_status":"closed","ping_status":"closed","sticky":false,"template":"","format":"standard","meta":{"footnotes":""},"categories":[53,127],"tags":[],"_links":{"self":[{"href":"https:\/\/www.conselharan.org\/ca\/wp-json\/wp\/v2\/posts\/37333"}],"collection":[{"href":"https:\/\/www.conselharan.org\/ca\/wp-json\/wp\/v2\/posts"}],"about":[{"href":"https:\/\/www.conselharan.org\/ca\/wp-json\/wp\/v2\/types\/post"}],"author":[{"embeddable":true,"href":"https:\/\/www.conselharan.org\/ca\/wp-json\/wp\/v2\/users\/10"}],"replies":[{"embeddable":true,"href":"https:\/\/www.conselharan.org\/ca\/wp-json\/wp\/v2\/comments?post=37333"}],"version-history":[{"count":1,"href":"https:\/\/www.conselharan.org\/ca\/wp-json\/wp\/v2\/posts\/37333\/revisions"}],"predecessor-version":[{"id":37334,"href":"https:\/\/www.conselharan.org\/ca\/wp-json\/wp\/v2\/posts\/37333\/revisions\/37334"}],"wp:featuredmedia":[{"embeddable":true,"href":"https:\/\/www.conselharan.org\/ca\/wp-json\/wp\/v2\/media\/37326"}],"wp:attachment":[{"href":"https:\/\/www.conselharan.org\/ca\/wp-json\/wp\/v2\/media?parent=37333"}],"wp:term":[{"taxonomy":"category","embeddable":true,"href":"https:\/\/www.conselharan.org\/ca\/wp-json\/wp\/v2\/categories?post=37333"},{"taxonomy":"post_tag","embeddable":true,"href":"https:\/\/www.conselharan.org\/ca\/wp-json\/wp\/v2\/tags?post=37333"}],"curies":[{"name":"wp","href":"https:\/\/api.w.org\/{rel}","templated":true}]}}