{"id":3780,"date":"2014-05-29T16:27:22","date_gmt":"2014-05-29T14:27:22","guid":{"rendered":"http:\/\/www.conselharan.org\/?p=3780"},"modified":"2014-05-29T16:27:22","modified_gmt":"2014-05-29T14:27:22","slug":"era-querimonia-retorna-a-la-val-daran","status":"publish","type":"post","link":"https:\/\/www.conselharan.org\/ca\/era-querimonia-retorna-a-la-val-daran\/","title":{"rendered":"Era Querim\u00f2nia\u201d retorna a la Val d\u2019Aran"},"content":{"rendered":"<p><strong><em>Era Querim\u00f2nia<\/em> ha estat tres mesos en el Centre de Restauraci\u00f3 de B\u00e9ns Mobles de Catalunya (CRBMC) en Valldoreix on s\u2019ha restaurat i s\u2019ha procedit a la seva digitalitzaci\u00f3.<\/strong><\/p>\n<p><strong>El document <em>Era Querim\u00f2nia<\/em> va ser entregat pel rei Jaime II en 1313 i es recullen determinats drets consuetudinaris acceptats o modificats pel monarca.<\/strong><\/p>\n<p><a href=\"http:\/\/www.conselharan.org\/wp-content\/uploads\/2014\/05\/querimonia_1.jpg\"><img loading=\"lazy\" decoding=\"async\" class=\"aligncenter size-large wp-image-3777\" alt=\"querimonia_1\" src=\"http:\/\/www.conselharan.org\/wp-content\/uploads\/2014\/05\/querimonia_1-1024x685.jpg\" width=\"1024\" height=\"685\" srcset=\"https:\/\/www.conselharan.org\/wp-content\/uploads\/2014\/05\/querimonia_1-1024x685.jpg 1024w, https:\/\/www.conselharan.org\/wp-content\/uploads\/2014\/05\/querimonia_1-300x200.jpg 300w\" sizes=\"(max-width: 1024px) 100vw, 1024px\" \/><\/a><\/p>\n<p>El document presentava brut\u00edcia generalitzada: estava ressec, havia arrugues i plecs, tamb\u00e9 taques de diversa naturalesa, p\u00e8rdues de suport i restauracions antigues que provocaven tensi\u00f3 en el suport.<\/p>\n<p>En paraules de <strong>Carme Balliu<\/strong>, restauradora del CRBMC, els treballs de restauraci\u00f3 han estat entre d\u2019altres <strong>\u201cneteja mec\u00e0nica per tal de desincrustar la brut\u00edcia del document i dels plecs, tamb\u00e9 s\u2019ha realitzat una estabilitzaci\u00f3 de la humitat. En treballar els plecs, el document ha variat uns mil\u2022l\u00edmetres de la seva dimensi\u00f3 inicial (80cmx60cm)\u201d.<\/strong><\/p>\n<p><a href=\"http:\/\/www.conselharan.org\/wp-content\/uploads\/2014\/05\/querimonia_2.jpg\"><img loading=\"lazy\" decoding=\"async\" class=\"aligncenter size-large wp-image-3778\" alt=\"querimonia_2\" src=\"http:\/\/www.conselharan.org\/wp-content\/uploads\/2014\/05\/querimonia_2-1024x685.jpg\" width=\"1024\" height=\"685\" srcset=\"https:\/\/www.conselharan.org\/wp-content\/uploads\/2014\/05\/querimonia_2-1024x685.jpg 1024w, https:\/\/www.conselharan.org\/wp-content\/uploads\/2014\/05\/querimonia_2-300x200.jpg 300w\" sizes=\"(max-width: 1024px) 100vw, 1024px\" \/><\/a><\/p>\n<p>Per la seva part, el cap de Patrimoni i Cultura del Conselh Generau d\u2019Aran, <strong>J\u00e8p de Montoya<\/strong>, ha manifestat <strong>\u201cels s\u00edmbols s\u00f3n for\u00e7a importants ja que reuneixen i ajunten als pobles. La llengua, l&#8217;escut, l&#8217;himne, la bandera, les figures jur\u00eddiques, les danses, les compilacions legals i el patrimoni, s\u00f3n aquells s\u00edmbols que donen identitat i a cap membre que se sent d\u2019un poble pot ni vol renunciar-ne. \u00c9s un deure de les institucions el tenir cura d\u2019aquests s\u00edmbols ja que ells s\u00f3n l&#8217;ess\u00e8ncia de la identitat.\u201d<\/strong><\/p>\n<p><strong>Montoya<\/strong> ha assenyalat que \u201c<strong>amb aquesta intervenci\u00f3 en el pergam\u00ed de Era Querim\u00f2nia creiem haver aportat un granet m\u00e9s de sorra al manteniment de la identitat del poble aran\u00e8s\u201d.<\/strong><\/p>\n<p>\u201c<strong>Pendent el proc\u00e9s de restauraci\u00f3 i digitalitzaci\u00f3 del document s\u2019ha procedit a la realitzaci\u00f3 d\u2019un v\u00eddeo de difusi\u00f3, que recollir\u00e0 les dades hist\u00f2riques i arxiv\u00edstiques que volten al voltant de la Carta Magna aranesa\u201d<\/strong> ha afegit el s\u00edndic d\u2019Aran,<strong> Carlos Barrera.<\/strong><\/p>\n<p>Aquests treballs han estat promoguts pel Conselh Generau d\u2019Aran i pel Departament de Cultura de la Generalitat de Catalunya.<\/p>\n ","protected":false},"excerpt":{"rendered":"<p>Era Querim\u00f2nia ha estat tres mesos en el Centre de Restauraci\u00f3 de B\u00e9ns Mobles de Catalunya (CRBMC) en Valldoreix on s\u2019ha restaurat i s\u2019ha procedit a la seva digitalitzaci\u00f3. El document Era Querim\u00f2nia va ser entregat pel rei Jaime II en 1313 i es recullen determinats drets consuetudinaris acceptats o modificats pel monarca. El document&#8230;<\/p>\n","protected":false},"author":2,"featured_media":3778,"comment_status":"closed","ping_status":"closed","sticky":false,"template":"","format":"standard","meta":{"footnotes":""},"categories":[31,53,36],"tags":[],"_links":{"self":[{"href":"https:\/\/www.conselharan.org\/ca\/wp-json\/wp\/v2\/posts\/3780"}],"collection":[{"href":"https:\/\/www.conselharan.org\/ca\/wp-json\/wp\/v2\/posts"}],"about":[{"href":"https:\/\/www.conselharan.org\/ca\/wp-json\/wp\/v2\/types\/post"}],"author":[{"embeddable":true,"href":"https:\/\/www.conselharan.org\/ca\/wp-json\/wp\/v2\/users\/2"}],"replies":[{"embeddable":true,"href":"https:\/\/www.conselharan.org\/ca\/wp-json\/wp\/v2\/comments?post=3780"}],"version-history":[{"count":1,"href":"https:\/\/www.conselharan.org\/ca\/wp-json\/wp\/v2\/posts\/3780\/revisions"}],"predecessor-version":[{"id":3781,"href":"https:\/\/www.conselharan.org\/ca\/wp-json\/wp\/v2\/posts\/3780\/revisions\/3781"}],"wp:featuredmedia":[{"embeddable":true,"href":"https:\/\/www.conselharan.org\/ca\/wp-json\/wp\/v2\/media\/3778"}],"wp:attachment":[{"href":"https:\/\/www.conselharan.org\/ca\/wp-json\/wp\/v2\/media?parent=3780"}],"wp:term":[{"taxonomy":"category","embeddable":true,"href":"https:\/\/www.conselharan.org\/ca\/wp-json\/wp\/v2\/categories?post=3780"},{"taxonomy":"post_tag","embeddable":true,"href":"https:\/\/www.conselharan.org\/ca\/wp-json\/wp\/v2\/tags?post=3780"}],"curies":[{"name":"wp","href":"https:\/\/api.w.org\/{rel}","templated":true}]}}