{"id":37872,"date":"2020-11-20T14:54:49","date_gmt":"2020-11-20T13:54:49","guid":{"rendered":"https:\/\/www.conselharan.org\/era-sindica-daran-sollicite-que-samasse-era-comission-bilaterau-entre-eth-conselh-generau-e-era-generalitat\/"},"modified":"2020-11-20T15:05:39","modified_gmt":"2020-11-20T14:05:39","slug":"era-sindica-daran-sollicite-que-samasse-era-comission-bilaterau-entre-eth-conselh-generau-e-era-generalitat","status":"publish","type":"post","link":"https:\/\/www.conselharan.org\/ca\/era-sindica-daran-sollicite-que-samasse-era-comission-bilaterau-entre-eth-conselh-generau-e-era-generalitat\/","title":{"rendered":"La s\u00edndica d&#8217;Aran sol\u2022licita que es reuneixi la Comissi\u00f3 Bilateral entre el Conselh Generau i la Generalitat"},"content":{"rendered":"<p><a href=\"https:\/\/www.conselharan.org\/wp-content\/uploads\/2020\/11\/Conselh-1-1024x681-1.jpg\"><img loading=\"lazy\" decoding=\"async\" class=\"aligncenter wp-image-37864 size-full\" src=\"https:\/\/www.conselharan.org\/wp-content\/uploads\/2020\/11\/Conselh-1-1024x681-1.jpg\" alt=\"\" width=\"1024\" height=\"681\" srcset=\"https:\/\/www.conselharan.org\/wp-content\/uploads\/2020\/11\/Conselh-1-1024x681-1.jpg 1024w, https:\/\/www.conselharan.org\/wp-content\/uploads\/2020\/11\/Conselh-1-1024x681-1-300x200.jpg 300w, https:\/\/www.conselharan.org\/wp-content\/uploads\/2020\/11\/Conselh-1-1024x681-1-768x511.jpg 768w\" sizes=\"(max-width: 1024px) 100vw, 1024px\" \/><\/a><\/p>\n<ul>\n<li>\n<h3><strong>La s\u00edndica d&#8217;Aran ha dirigit una carta a la consellera de Presid\u00e8ncia de la Generalitat per a convocar una reuni\u00f3 de la Comissi\u00f3 Bilateral entre tots dos governs abans de finalitzar l&#8217;any per a tractar assumptes de transcend\u00e8ncia per a Aran, com el pla d&#8217;obertura d&#8217;activitats i les seves afectacions sobre el territori, aix\u00ed com uns altres com la sanitat o la llengua<\/strong><\/h3>\n<\/li>\n<\/ul>\n<p>La s\u00edndica d&#8217;Aran, Maria Verg\u00e9s, s&#8217;ha dirigit a la consellera de Presid\u00e8ncia de la Generalitat de Catalunya, Meritxell Bud\u00f3, per a sol\u00b7licitar una reuni\u00f3 de la Comissi\u00f3 Bilateral dels governs de la Generalitat i el Conselh Generau d\u2019Aran, tal com estableix la Llei 1\/2015 de R\u00e8gim Especial d&#8217;Aran, que diu que aquesta Comissi\u00f3 ha de reunir-se, almenys, una vegada a l&#8217;any.<\/p>\n<p>\u201cEn aquests moments, tot i que la Comissi\u00f3 es va reunir el mes de gener, s\u00f3n diversos els assumptes d&#8217;inter\u00e8s i transcend\u00e8ncia per a l\u2019Aran que requereixen poder tractar-se en aquest ens abans d&#8217;acabar l&#8217;any\u201d, afirmava la s\u00edndica d\u2019Aran, afegint que: \u201c\u00e9s per aix\u00f2 que hem sol\u00b7licitat poder dur a terme una reuni\u00f3 d&#8217;aquesta Comissi\u00f3 Bilateral.<\/p>\n<p>Davant la publicaci\u00f3 de les mesures del pla d&#8217;obertura d&#8217;activitats de la Generalitat, la s\u00edndica ha manifestat que: \u201c\u00e9s necessari que aquestes decisions que afecten de forma tan directa al nostre territori siguin consensuades amb el govern del Conselh Generau d\u2019Aran\u201d. En aquest sentit, Verg\u00e9s ja ha fet arribar aquesta setmana una carta al conseller d&#8217;Interior de la Generalitat, Miquel S\u00e0mper, per a sol\u00b7licitar que el Conselh Generau formi part del PROCICAT, de manera que la Val d&#8217;Aran pugui participar en la presa de decisions i pugui fer arribar aix\u00ed la realitat de la singularitat aranesa i del seu autogovern.<\/p>\n<p>No obstant aix\u00f2, la s\u00edndica d&#8217;Aran ha insistit en la necessitat \u201cde seguir les mesures establertes per les autoritats competents per a aconseguir baixar el risc de rebrot en el territori per a poder assegurar, sobre la base de les mesures establertes en el pla d&#8217;obertura, que es pugui dur a terme la temporada tur\u00edstica d&#8217;hivern\u201d.<\/p>\n<p>A m\u00e9s, en aquesta Comissi\u00f3 Bilateral s&#8217;haurien de tractar tamb\u00e9 assumptes primordials i transcendents per al govern del Conselh Generau d\u2019Aran com \u00e9s l&#8217;estat del sistema sanitari aran\u00e8s, especialment en aquests moments de pand\u00e8mia, i tamb\u00e9 altres relacionats amb la llengua pr\u00f2pia d&#8217;Aran i l&#8217;esport.<\/p>\n ","protected":false},"excerpt":{"rendered":"<p>La s\u00edndica d&#8217;Aran ha dirigit una carta a la consellera de Presid\u00e8ncia de la Generalitat per a convocar una reuni\u00f3 de la Comissi\u00f3 Bilateral entre tots dos governs abans de finalitzar l&#8217;any per a tractar assumptes de transcend\u00e8ncia per a Aran, com el pla d&#8217;obertura d&#8217;activitats i les seves afectacions sobre el territori, aix\u00ed com&#8230;<\/p>\n","protected":false},"author":10,"featured_media":37865,"comment_status":"closed","ping_status":"closed","sticky":false,"template":"","format":"standard","meta":{"footnotes":""},"categories":[53],"tags":[],"_links":{"self":[{"href":"https:\/\/www.conselharan.org\/ca\/wp-json\/wp\/v2\/posts\/37872"}],"collection":[{"href":"https:\/\/www.conselharan.org\/ca\/wp-json\/wp\/v2\/posts"}],"about":[{"href":"https:\/\/www.conselharan.org\/ca\/wp-json\/wp\/v2\/types\/post"}],"author":[{"embeddable":true,"href":"https:\/\/www.conselharan.org\/ca\/wp-json\/wp\/v2\/users\/10"}],"replies":[{"embeddable":true,"href":"https:\/\/www.conselharan.org\/ca\/wp-json\/wp\/v2\/comments?post=37872"}],"version-history":[{"count":1,"href":"https:\/\/www.conselharan.org\/ca\/wp-json\/wp\/v2\/posts\/37872\/revisions"}],"predecessor-version":[{"id":37873,"href":"https:\/\/www.conselharan.org\/ca\/wp-json\/wp\/v2\/posts\/37872\/revisions\/37873"}],"wp:featuredmedia":[{"embeddable":true,"href":"https:\/\/www.conselharan.org\/ca\/wp-json\/wp\/v2\/media\/37865"}],"wp:attachment":[{"href":"https:\/\/www.conselharan.org\/ca\/wp-json\/wp\/v2\/media?parent=37872"}],"wp:term":[{"taxonomy":"category","embeddable":true,"href":"https:\/\/www.conselharan.org\/ca\/wp-json\/wp\/v2\/categories?post=37872"},{"taxonomy":"post_tag","embeddable":true,"href":"https:\/\/www.conselharan.org\/ca\/wp-json\/wp\/v2\/tags?post=37872"}],"curies":[{"name":"wp","href":"https:\/\/api.w.org\/{rel}","templated":true}]}}