{"id":38143,"date":"2020-12-05T12:25:39","date_gmt":"2020-12-05T11:25:39","guid":{"rendered":"https:\/\/www.conselharan.org\/eth-conselh-generau-daran-inicie-era-campanha-aguest-nadau-consumis-en-aran\/"},"modified":"2020-12-05T12:27:24","modified_gmt":"2020-12-05T11:27:24","slug":"eth-conselh-generau-daran-inicie-era-campanha-aguest-nadau-consumis-en-aran","status":"publish","type":"post","link":"https:\/\/www.conselharan.org\/ca\/eth-conselh-generau-daran-inicie-era-campanha-aguest-nadau-consumis-en-aran\/","title":{"rendered":"El Conselh Generau d\u2019Aran inicia la campanya \u201cAquest Nadal, consumeix a Aran\u201d"},"content":{"rendered":"<p><a href=\"https:\/\/www.conselharan.org\/wp-content\/uploads\/2020\/12\/2E278D9F-8F2A-4B49-B88E-5BB5ABCB7CE0.jpeg\"><img loading=\"lazy\" decoding=\"async\" class=\"aligncenter wp-image-38135 size-large\" src=\"https:\/\/www.conselharan.org\/wp-content\/uploads\/2020\/12\/2E278D9F-8F2A-4B49-B88E-5BB5ABCB7CE0-1024x1024.jpeg\" alt=\"\" width=\"1024\" height=\"1024\" srcset=\"https:\/\/www.conselharan.org\/wp-content\/uploads\/2020\/12\/2E278D9F-8F2A-4B49-B88E-5BB5ABCB7CE0-1024x1024.jpeg 1024w, https:\/\/www.conselharan.org\/wp-content\/uploads\/2020\/12\/2E278D9F-8F2A-4B49-B88E-5BB5ABCB7CE0-300x300.jpeg 300w, https:\/\/www.conselharan.org\/wp-content\/uploads\/2020\/12\/2E278D9F-8F2A-4B49-B88E-5BB5ABCB7CE0-150x150.jpeg 150w, https:\/\/www.conselharan.org\/wp-content\/uploads\/2020\/12\/2E278D9F-8F2A-4B49-B88E-5BB5ABCB7CE0-768x768.jpeg 768w, https:\/\/www.conselharan.org\/wp-content\/uploads\/2020\/12\/2E278D9F-8F2A-4B49-B88E-5BB5ABCB7CE0-270x270.jpeg 270w, https:\/\/www.conselharan.org\/wp-content\/uploads\/2020\/12\/2E278D9F-8F2A-4B49-B88E-5BB5ABCB7CE0-207x207.jpeg 207w, https:\/\/www.conselharan.org\/wp-content\/uploads\/2020\/12\/2E278D9F-8F2A-4B49-B88E-5BB5ABCB7CE0-75x75.jpeg 75w, https:\/\/www.conselharan.org\/wp-content\/uploads\/2020\/12\/2E278D9F-8F2A-4B49-B88E-5BB5ABCB7CE0.jpeg 1182w\" sizes=\"(max-width: 1024px) 100vw, 1024px\" \/><\/a><\/p>\n<ul>\n<li>\n<h3><strong>Aquesta iniciativa, promoguda pel Conselh Generau a trav\u00e9s de Foment Torisme Val d&#8217;Aran, t\u00e9 com a objectiu promoure i incentivar el consum local i de proximitat en aquestes dates en les quals es produeix un augment de l&#8217;activitat en el sector<\/strong><\/h3>\n<\/li>\n<\/ul>\n<p>El govern del Conselh Generau d\u2019Aran, a traves de Foment Torisme Val d&#8217;Aran, ha llan\u00e7at la campanya \u201cAquest Nadal, consumeix a Aran\u201d, per a incentivar el consum local i de proximitat en aquestes dates tan assenyalades.<\/p>\n<p>\u201cAra m\u00e9s que mai \u00e9s necessari fomentar el comer\u00e7 local i artesanal, sobretot de cara a les festes de Nadal, quan \u00e9s m\u00e9s habitual un increment d&#8217;activitat en aquest sector\u201d, assegurava el conseller d&#8217;Economia, Turisme i Promoci\u00f3 Econ\u00f2mica, Juan Antonio Serrano, afegint que: \u201cactualment \u00e9s molt habitual el consum online de tota mena de productes, per\u00f2 ens trobem en una situaci\u00f3 en la qual hem de donar suport als nostres negocis, ja que la Val d&#8217;Aran ofereix la possibilitat d&#8217;adquirir una \u00e0mplia varietat de productes de gran qualitat de tota mena: t\u00e8xtils, artesanals, agroalimentaris, esportius, infantils\u2026\u201d.<\/p>\n<p>En aquest sentit, el conseller d&#8217;Economia, Turisme i Promoci\u00f3 Econ\u00f2mica, Josep Canut, afirmava que: \u201cja a l&#8217;inici de la pand\u00e8mia van llan\u00e7ar la campanya <em>Pensa en Aran, consumeix el nostre comer\u00e7<\/em>, per a conscienciar a la poblaci\u00f3 de la necessitat de donar suport al nostre teixit empresarial\u201d i afegeix que: \u201ca m\u00e9s de l&#8217;activaci\u00f3 econ\u00f2mica que comporta aquest tipus de comer\u00e7, \u00e9s obvi que cada vegada existeix una major conscienciaci\u00f3 de la poblaci\u00f3 cap al respecte del medi ambient, i el consum de productes de proximitat \u00e9s bastant m\u00e9s sostenible\u201d.<\/p>\n<p>La campanya \u201cAquest Nadal, consumeix a Aran\u201d s&#8217;allargar\u00e0 durant totes les festes.<\/p>\n ","protected":false},"excerpt":{"rendered":"<p>Aquesta iniciativa, promoguda pel Conselh Generau a trav\u00e9s de Foment Torisme Val d&#8217;Aran, t\u00e9 com a objectiu promoure i incentivar el consum local i de proximitat en aquestes dates en les quals es produeix un augment de l&#8217;activitat en el sector El govern del Conselh Generau d\u2019Aran, a traves de Foment Torisme Val d&#8217;Aran, ha&#8230;<\/p>\n","protected":false},"author":10,"featured_media":38136,"comment_status":"closed","ping_status":"closed","sticky":false,"template":"","format":"standard","meta":{"footnotes":""},"categories":[33,139],"tags":[],"_links":{"self":[{"href":"https:\/\/www.conselharan.org\/ca\/wp-json\/wp\/v2\/posts\/38143"}],"collection":[{"href":"https:\/\/www.conselharan.org\/ca\/wp-json\/wp\/v2\/posts"}],"about":[{"href":"https:\/\/www.conselharan.org\/ca\/wp-json\/wp\/v2\/types\/post"}],"author":[{"embeddable":true,"href":"https:\/\/www.conselharan.org\/ca\/wp-json\/wp\/v2\/users\/10"}],"replies":[{"embeddable":true,"href":"https:\/\/www.conselharan.org\/ca\/wp-json\/wp\/v2\/comments?post=38143"}],"version-history":[{"count":1,"href":"https:\/\/www.conselharan.org\/ca\/wp-json\/wp\/v2\/posts\/38143\/revisions"}],"predecessor-version":[{"id":38144,"href":"https:\/\/www.conselharan.org\/ca\/wp-json\/wp\/v2\/posts\/38143\/revisions\/38144"}],"wp:featuredmedia":[{"embeddable":true,"href":"https:\/\/www.conselharan.org\/ca\/wp-json\/wp\/v2\/media\/38136"}],"wp:attachment":[{"href":"https:\/\/www.conselharan.org\/ca\/wp-json\/wp\/v2\/media?parent=38143"}],"wp:term":[{"taxonomy":"category","embeddable":true,"href":"https:\/\/www.conselharan.org\/ca\/wp-json\/wp\/v2\/categories?post=38143"},{"taxonomy":"post_tag","embeddable":true,"href":"https:\/\/www.conselharan.org\/ca\/wp-json\/wp\/v2\/tags?post=38143"}],"curies":[{"name":"wp","href":"https:\/\/api.w.org\/{rel}","templated":true}]}}