{"id":38165,"date":"2020-12-06T13:26:32","date_gmt":"2020-12-06T12:26:32","guid":{"rendered":"https:\/\/www.conselharan.org\/cribatges-poblacionaus-ena-val-daran-enta-detectar-casi-de-covid-19\/"},"modified":"2020-12-06T13:29:36","modified_gmt":"2020-12-06T12:29:36","slug":"cribatges-poblacionaus-ena-val-daran-enta-detectar-casi-de-covid-19","status":"publish","type":"post","link":"https:\/\/www.conselharan.org\/ca\/cribatges-poblacionaus-ena-val-daran-enta-detectar-casi-de-covid-19\/","title":{"rendered":"Cribratge poblacional a la Val d\u2019Aran per a detectar casos de COVID-19"},"content":{"rendered":"<p><a href=\"https:\/\/www.conselharan.org\/wp-content\/uploads\/2020\/12\/Catala\u0300.png\"><img loading=\"lazy\" decoding=\"async\" class=\"aligncenter wp-image-38159 size-large\" src=\"https:\/\/www.conselharan.org\/wp-content\/uploads\/2020\/12\/Catala\u0300-819x1024.png\" alt=\"\" width=\"819\" height=\"1024\" srcset=\"https:\/\/www.conselharan.org\/wp-content\/uploads\/2020\/12\/Catala\u0300-819x1024.png 819w, https:\/\/www.conselharan.org\/wp-content\/uploads\/2020\/12\/Catala\u0300-240x300.png 240w, https:\/\/www.conselharan.org\/wp-content\/uploads\/2020\/12\/Catala\u0300-768x960.png 768w, https:\/\/www.conselharan.org\/wp-content\/uploads\/2020\/12\/Catala\u0300-1229x1536.png 1229w, https:\/\/www.conselharan.org\/wp-content\/uploads\/2020\/12\/Catala\u0300.png 1280w\" sizes=\"(max-width: 819px) 100vw, 819px\" \/><\/a><\/p>\n<ul>\n<li>\n<h3><strong>Els professionals de l\u2019Espitau Val d&#8217;Aran duran a terme proves d&#8217;ant\u00edgens gratu\u00eftes i volunt\u00e0ries a totes les persones asimptom\u00e0tiques majors de 15 anys de la Val d&#8217;Aran per a detectar possibles casos de COVID-19<\/strong><\/h3>\n<\/li>\n<\/ul>\n<p>A partir del dimecres, 9 de desembre, fins al divendres, 18 de desembre, els professionals de l\u2019Espitau Val d&#8217;Aran, amb el suport del Departament de Salut de la Generalitat de Catalunya, duran a terme proves d&#8217;ant\u00edgens a les persones asimptom\u00e0tiques majors de 15 anys de la Val d&#8217;Aran.<\/p>\n<p>Aquestes proves es realitzaran al centre de joventut Antara de Vielha, al Carrer Arnals, en horari de 10.00-14.00 hores i de 16.00 a 20.00, s\u00f3n proves gratu\u00eftes i volunt\u00e0ries per\u00f2 per a poder realitzar-les \u00e9s necessari presentar la targeta sanit\u00e0ria i el DNI.<\/p>\n<p>Per a participar en aquest cribratge cal presentar-se segons cognom, una vegada all\u00e0 caldr\u00e0 esperar, si \u00e9s necessari, al torn. El resultat de la prova arribar\u00e0 per SMS.<\/p>\n<p>Cognoms de la A a la B: dimecres dia 9.<\/p>\n<p>Cognoms de la C a la D: dijous dia 10.<\/p>\n<p>Cognoms de la E a la G: divendres dia 11.<\/p>\n<p>Cognoms de la h a la M: dilluns dia 14.<\/p>\n<p>Cognoms de la N a la R: dimarts dia 15.<\/p>\n<p>Cognoms de la S a la Z : dimecres dia 16.<\/p>\n<p>Persones que no poden anar els altres dies: dijous dia 17 i divendres dia 18.<\/p>\n<p>\u201c\u00c9s necessari destacar que la realitzaci\u00f3 d&#8217;aquests cribratges nom\u00e9s ens proporciona la informaci\u00f3 immediata i actual de la situaci\u00f3 a la Val d&#8217;Aran, la dels cribratges intensius \u00e9s una estrat\u00e8gia que permet trencar possibles cadenes de transmissi\u00f3\u201d, recorda la s\u00edndica d&#8217;Aran, Maria Verg\u00e9s, afegint que: \u201cel resultat negatiu d&#8217;aquestes proves no garanteix la immunitat al virus i despr\u00e9s de la realitzaci\u00f3 de la prova haurem de continuar extremant les precaucions i seguint les mesures de seguretat establertes per les autoritats competents\u201d.<\/p>\n ","protected":false},"excerpt":{"rendered":"<p>Els professionals de l\u2019Espitau Val d&#8217;Aran duran a terme proves d&#8217;ant\u00edgens gratu\u00eftes i volunt\u00e0ries a totes les persones asimptom\u00e0tiques majors de 15 anys de la Val d&#8217;Aran per a detectar possibles casos de COVID-19 A partir del dimecres, 9 de desembre, fins al divendres, 18 de desembre, els professionals de l\u2019Espitau Val d&#8217;Aran, amb el&#8230;<\/p>\n","protected":false},"author":10,"featured_media":38159,"comment_status":"closed","ping_status":"closed","sticky":false,"template":"","format":"standard","meta":{"footnotes":""},"categories":[53,805],"tags":[],"_links":{"self":[{"href":"https:\/\/www.conselharan.org\/ca\/wp-json\/wp\/v2\/posts\/38165"}],"collection":[{"href":"https:\/\/www.conselharan.org\/ca\/wp-json\/wp\/v2\/posts"}],"about":[{"href":"https:\/\/www.conselharan.org\/ca\/wp-json\/wp\/v2\/types\/post"}],"author":[{"embeddable":true,"href":"https:\/\/www.conselharan.org\/ca\/wp-json\/wp\/v2\/users\/10"}],"replies":[{"embeddable":true,"href":"https:\/\/www.conselharan.org\/ca\/wp-json\/wp\/v2\/comments?post=38165"}],"version-history":[{"count":2,"href":"https:\/\/www.conselharan.org\/ca\/wp-json\/wp\/v2\/posts\/38165\/revisions"}],"predecessor-version":[{"id":38167,"href":"https:\/\/www.conselharan.org\/ca\/wp-json\/wp\/v2\/posts\/38165\/revisions\/38167"}],"wp:featuredmedia":[{"embeddable":true,"href":"https:\/\/www.conselharan.org\/ca\/wp-json\/wp\/v2\/media\/38159"}],"wp:attachment":[{"href":"https:\/\/www.conselharan.org\/ca\/wp-json\/wp\/v2\/media?parent=38165"}],"wp:term":[{"taxonomy":"category","embeddable":true,"href":"https:\/\/www.conselharan.org\/ca\/wp-json\/wp\/v2\/categories?post=38165"},{"taxonomy":"post_tag","embeddable":true,"href":"https:\/\/www.conselharan.org\/ca\/wp-json\/wp\/v2\/tags?post=38165"}],"curies":[{"name":"wp","href":"https:\/\/api.w.org\/{rel}","templated":true}]}}