{"id":38204,"date":"2020-12-08T10:57:53","date_gmt":"2020-12-08T09:57:53","guid":{"rendered":"https:\/\/www.conselharan.org\/era-sindica-daran-exigis-ara-generalitat-un-tracte-equitatiu-ena-frontera-damb-franca\/"},"modified":"2020-12-08T10:59:49","modified_gmt":"2020-12-08T09:59:49","slug":"era-sindica-daran-exigis-ara-generalitat-un-tracte-equitatiu-ena-frontera-damb-franca","status":"publish","type":"post","link":"https:\/\/www.conselharan.org\/ca\/era-sindica-daran-exigis-ara-generalitat-un-tracte-equitatiu-ena-frontera-damb-franca\/","title":{"rendered":"La s\u00edndica d&#8217;Aran exigeix a la Generalitat un tracte equitatiu a la frontera amb Fran\u00e7a"},"content":{"rendered":"<p><a href=\"https:\/\/www.conselharan.org\/wp-content\/uploads\/2020\/12\/Conselh-1-1024x681-1.jpg\"><img loading=\"lazy\" decoding=\"async\" class=\"aligncenter wp-image-38195 size-full\" src=\"https:\/\/www.conselharan.org\/wp-content\/uploads\/2020\/12\/Conselh-1-1024x681-1.jpg\" alt=\"\" width=\"1024\" height=\"681\" srcset=\"https:\/\/www.conselharan.org\/wp-content\/uploads\/2020\/12\/Conselh-1-1024x681-1.jpg 1024w, https:\/\/www.conselharan.org\/wp-content\/uploads\/2020\/12\/Conselh-1-1024x681-1-300x200.jpg 300w, https:\/\/www.conselharan.org\/wp-content\/uploads\/2020\/12\/Conselh-1-1024x681-1-768x511.jpg 768w\" sizes=\"(max-width: 1024px) 100vw, 1024px\" \/><\/a><\/p>\n<ul>\n<li>\n<h3><strong>Despr\u00e9s de con\u00e8ixer que la Generalitat estudia la petici\u00f3 d&#8217;Andorra i la comarca de l&#8217;Alt Urgell per a equiparar el Principat amb aquesta comarca i aixecar les restriccions de mobilitat entre tots dos costats de la frontera, la qual cosa tindria un impacte molt negatiu en el sector tur\u00edstic i econ\u00f2mic aran\u00e8s de no aplicar-se un tracte equitatiu amb Aran, la s\u00edndica d&#8217;Aran ha dirigit una carta al president en funcions de la Generalitat de Catalunya<\/strong><\/h3>\n<\/li>\n<\/ul>\n<p>La s\u00edndica d&#8217;Aran, Maria Verg\u00e9s, s&#8217;ha dirigit per carta al president de la Generalitat en funcions, Pere Aragon\u00e9s, per a reclamar que es reprengui la mobilitat entre la Val d&#8217;Aran i Fran\u00e7a, despr\u00e9s de con\u00e8ixer que Andorra i els departaments francesos d\u2019Ari\u00e8ja i els Pirineus Orientals ja la van reprendre el passat 4 de desembre.<\/p>\n<p>La s\u00edndica d&#8217;Aran manifestava en la carta dirigida al president en funcions que: \u201csom totalment conscients de la situaci\u00f3 provocada per la COVID-19 i de la necessitat d&#8217;aplicar les mesures i restriccions per a controlar el virus, tot i aix\u00ed tamb\u00e9 considerem que \u00e9s necessari que tots els territoris puguem comptar amb les mateixes oportunitats perqu\u00e8 la nostra ciutadania faci front aquesta crisi amb les m\u00e0ximes garanties, sobretot tamb\u00e9 tenint en el compte que actualment la Val d&#8217;Aran \u00e9s el territori amb menys risc de rebrot de Catalunya\u201d i afegia que \u201csi a la propera reuni\u00f3 del PROCICAT s&#8217;aprova la petici\u00f3 d&#8217;Andorra, la comarca de l&#8217;Alt Urgell i l&#8217;Ajuntament de La Seu d&#8217;Urgell, s&#8217;ha d&#8217;aplicar la mateixa mesura respecte a la Val d&#8217;Aran\u201d ja que d&#8217;una altra forma \u201cAran estaria sent tractada de manera injusta i desigual\u201d.<\/p>\n<p>Aix\u00ed mateix, Verg\u00e9s remarcava la import\u00e0ncia que l&#8217;economia de frontera t\u00e9 per al Baix Aran at\u00e8s que \u201ccomparteix un espai com\u00fa d&#8217;intercanvi de relacions laborals, de serveis i, sobretot, econ\u00f2miques, fent que el sistema socioecon\u00f2mic d&#8217;aquesta part de la Val d&#8217;Aran depengui en gran manera de la relaci\u00f3 amb Fran\u00e7a\u201d, afirmava en la seva missiva, afegint que: \u201ca causa d&#8217;aix\u00f2, demanem que, seguint l&#8217;exemple i petici\u00f3 d&#8217;Andorra i l&#8217;Alt Urgell, la Generalitat de Catalunya realitzi les gestions oportunes perqu\u00e8 aquesta f\u00f3rmula es pugui aplicar tamb\u00e9 a l\u2019Aran\u201d.<\/p>\n<p>En aquest sentit, cal recordar que el conseller de Governaci\u00f3 del Conselh Generau, Amador Marqu\u00e8s, ja es va dirigir per carta tamb\u00e9 al conseller d&#8217;Acci\u00f3 Exterior, Relacions Institucionals i Transpar\u00e8ncia de la Generalitat, Bernat Sol\u00e9, sol\u00b7licitant harmonitzar les restriccions entre tots dos costats de la frontera amb Fran\u00e7a.<\/p>\n ","protected":false},"excerpt":{"rendered":"<p>Despr\u00e9s de con\u00e8ixer que la Generalitat estudia la petici\u00f3 d&#8217;Andorra i la comarca de l&#8217;Alt Urgell per a equiparar el Principat amb aquesta comarca i aixecar les restriccions de mobilitat entre tots dos costats de la frontera, la qual cosa tindria un impacte molt negatiu en el sector tur\u00edstic i econ\u00f2mic aran\u00e8s de no aplicar-se&#8230;<\/p>\n","protected":false},"author":10,"featured_media":38196,"comment_status":"closed","ping_status":"closed","sticky":false,"template":"","format":"standard","meta":{"footnotes":""},"categories":[53,139],"tags":[],"_links":{"self":[{"href":"https:\/\/www.conselharan.org\/ca\/wp-json\/wp\/v2\/posts\/38204"}],"collection":[{"href":"https:\/\/www.conselharan.org\/ca\/wp-json\/wp\/v2\/posts"}],"about":[{"href":"https:\/\/www.conselharan.org\/ca\/wp-json\/wp\/v2\/types\/post"}],"author":[{"embeddable":true,"href":"https:\/\/www.conselharan.org\/ca\/wp-json\/wp\/v2\/users\/10"}],"replies":[{"embeddable":true,"href":"https:\/\/www.conselharan.org\/ca\/wp-json\/wp\/v2\/comments?post=38204"}],"version-history":[{"count":1,"href":"https:\/\/www.conselharan.org\/ca\/wp-json\/wp\/v2\/posts\/38204\/revisions"}],"predecessor-version":[{"id":38205,"href":"https:\/\/www.conselharan.org\/ca\/wp-json\/wp\/v2\/posts\/38204\/revisions\/38205"}],"wp:featuredmedia":[{"embeddable":true,"href":"https:\/\/www.conselharan.org\/ca\/wp-json\/wp\/v2\/media\/38196"}],"wp:attachment":[{"href":"https:\/\/www.conselharan.org\/ca\/wp-json\/wp\/v2\/media?parent=38204"}],"wp:term":[{"taxonomy":"category","embeddable":true,"href":"https:\/\/www.conselharan.org\/ca\/wp-json\/wp\/v2\/categories?post=38204"},{"taxonomy":"post_tag","embeddable":true,"href":"https:\/\/www.conselharan.org\/ca\/wp-json\/wp\/v2\/tags?post=38204"}],"curies":[{"name":"wp","href":"https:\/\/api.w.org\/{rel}","templated":true}]}}