{"id":38269,"date":"2020-12-12T10:57:49","date_gmt":"2020-12-12T09:57:49","guid":{"rendered":"https:\/\/www.conselharan.org\/era-sindica-daran-sollicite-ara-generalitat-eth-lheuament-des-restriccions-de-mobilitat-des-dimenjades\/"},"modified":"2020-12-12T11:01:32","modified_gmt":"2020-12-12T10:01:32","slug":"era-sindica-daran-sollicite-ara-generalitat-eth-lheuament-des-restriccions-de-mobilitat-des-dimenjades","status":"publish","type":"post","link":"https:\/\/www.conselharan.org\/ca\/era-sindica-daran-sollicite-ara-generalitat-eth-lheuament-des-restriccions-de-mobilitat-des-dimenjades\/","title":{"rendered":"La s\u00edndica d\u2019Aran sol\u00b7licita a la Generalitat l&#8217;aixecament de les restriccions de mobilitat dels caps de setmana"},"content":{"rendered":"<p><a href=\"https:\/\/www.conselharan.org\/wp-content\/uploads\/2020\/12\/CARTA-_VICEPRESIDENT-GENERALITAT_-11122020_pages-to-jpg-0001.jpg\"><img loading=\"lazy\" decoding=\"async\" class=\"aligncenter wp-image-38255 size-large\" src=\"https:\/\/www.conselharan.org\/wp-content\/uploads\/2020\/12\/CARTA-_VICEPRESIDENT-GENERALITAT_-11122020_pages-to-jpg-0001-724x1024.jpg\" alt=\"\" width=\"724\" height=\"1024\" srcset=\"https:\/\/www.conselharan.org\/wp-content\/uploads\/2020\/12\/CARTA-_VICEPRESIDENT-GENERALITAT_-11122020_pages-to-jpg-0001-724x1024.jpg 724w, https:\/\/www.conselharan.org\/wp-content\/uploads\/2020\/12\/CARTA-_VICEPRESIDENT-GENERALITAT_-11122020_pages-to-jpg-0001-212x300.jpg 212w, https:\/\/www.conselharan.org\/wp-content\/uploads\/2020\/12\/CARTA-_VICEPRESIDENT-GENERALITAT_-11122020_pages-to-jpg-0001-768x1086.jpg 768w, https:\/\/www.conselharan.org\/wp-content\/uploads\/2020\/12\/CARTA-_VICEPRESIDENT-GENERALITAT_-11122020_pages-to-jpg-0001-1086x1536.jpg 1086w, https:\/\/www.conselharan.org\/wp-content\/uploads\/2020\/12\/CARTA-_VICEPRESIDENT-GENERALITAT_-11122020_pages-to-jpg-0001.jpg 1241w\" sizes=\"(max-width: 724px) 100vw, 724px\" \/><\/a><\/p>\n<ul>\n<li>\n<h3><strong>La s\u00edndica d&#8217;Aran va enviar ahir una altra carta als consellers de Salut i Interior de la Generalitat de Catalunya aix\u00ed com al president en funcions perqu\u00e8 s&#8217;aixequin les restriccions de mobilitat els caps de setmana despr\u00e9s de l&#8217;anunci de l&#8217;obertura de les estacions d&#8217;esqu\u00ed el pr\u00f2xim dia 14 i davant les bones dades epidemiol\u00f2giques actuals a Aran<\/strong><\/h3>\n<\/li>\n<li>\n<h3><strong>Despr\u00e9s de l&#8217;anunci que va fer el govern catal\u00e0 d&#8217;aplicar mesures asim\u00e8triques en funci\u00f3 de la situaci\u00f3 epidemiol\u00f2gica de cada territori, la s\u00edndica d&#8217;Aran va demanar acabar amb les restriccions de mobilitat vigents els caps de setmana durant les festes de Nadal, sempre aplicant les mesures i protocols necessaris per a controlar les dades de COVID-19 al territori<\/strong><\/h3>\n<\/li>\n<\/ul>\n<p><strong>\u00a0<\/strong>Durant el dia d&#8217;ahir es va comunicar que les estacions d&#8217;esqu\u00ed catalanes, d&#8217;acord amb el govern de la Generalitat, obriran el dia 14 de desembre de manera gradual i de conformitat amb el pla d&#8217;obertura progressiva d&#8217;activitats. Per a la s\u00edndica d&#8217;Aran \u201caquesta \u00e9s una molt bona not\u00edcia per al sector perqu\u00e8 ajudar\u00e0 a activar l&#8217;economia de molts territoris de muntanya, no obstant aix\u00f2, per a la Val d&#8217;Aran aquesta obertura queda totalment condicionada i redu\u00efda a causa de les restriccions de mobilitat, especialment les dels caps de setmana\u201d<\/p>\n<p>\u00c9s per aix\u00f2 que la s\u00edndica d&#8217;Aran, Maria Verg\u00e9s, s&#8217;ha dirigit novament al president en funcions de la Generalitat de Catalunya, Pere Aragon\u00e8s, a la consellera de Salut, Alba Verg\u00e9s, i al conseller d&#8217;Interior, Miquel S\u00e0mper, per a sol\u00b7licitar al govern catal\u00e0 \u201cque s&#8217;aixequin les limitacions de mobilitat vigents de divendres a dilluns, referent al confinament municipal i comarcal\u201d.<\/p>\n<p>La s\u00edndica d&#8217;Aran manifestava en aquestes cartes que: \u201csom totalment conscients de la situaci\u00f3 provocada per la COVID-19 i de la necessitat d&#8217;aplicar les mesures i restriccions per a controlar el virus, per\u00f2 at\u00e8s l&#8217;anunci fet pel propi govern de la Generalitat en la presentaci\u00f3 del Pla d&#8217;Obertura, on es va manifestar la possibilitat d&#8217;aplicar mesures asim\u00e8triques en funci\u00f3 de la situaci\u00f3 epidemiol\u00f2gica i, tenint en compte les bones dades que t\u00e9 actualment la Val d&#8217;Aran, demanem poder aixecar aquestes restriccions\u201d i afegia que per al govern d&#8217;Aran \u201caquesta petici\u00f3 \u00e9s clau perqu\u00e8 el nostre territori pugui activar la seva economia i s&#8217;evita el tancament de negocis dels quals depenen moltes fam\u00edlies araneses\u201d.<\/p>\n<p>En aquestes missives, Verg\u00e9s va tornar a insistir tamb\u00e9 que es reprengui la mobilitat amb Fran\u00e7a, de la mateixa forma que s&#8217;estudia fer amb la comarca de l&#8217;Alt Urgell i el Principat d&#8217;Andorra\u201d.<\/p>\n ","protected":false},"excerpt":{"rendered":"<p>La s\u00edndica d&#8217;Aran va enviar ahir una altra carta als consellers de Salut i Interior de la Generalitat de Catalunya aix\u00ed com al president en funcions perqu\u00e8 s&#8217;aixequin les restriccions de mobilitat els caps de setmana despr\u00e9s de l&#8217;anunci de l&#8217;obertura de les estacions d&#8217;esqu\u00ed el pr\u00f2xim dia 14 i davant les bones dades epidemiol\u00f2giques&#8230;<\/p>\n","protected":false},"author":10,"featured_media":38256,"comment_status":"closed","ping_status":"closed","sticky":false,"template":"","format":"standard","meta":{"footnotes":""},"categories":[33,139],"tags":[],"_links":{"self":[{"href":"https:\/\/www.conselharan.org\/ca\/wp-json\/wp\/v2\/posts\/38269"}],"collection":[{"href":"https:\/\/www.conselharan.org\/ca\/wp-json\/wp\/v2\/posts"}],"about":[{"href":"https:\/\/www.conselharan.org\/ca\/wp-json\/wp\/v2\/types\/post"}],"author":[{"embeddable":true,"href":"https:\/\/www.conselharan.org\/ca\/wp-json\/wp\/v2\/users\/10"}],"replies":[{"embeddable":true,"href":"https:\/\/www.conselharan.org\/ca\/wp-json\/wp\/v2\/comments?post=38269"}],"version-history":[{"count":1,"href":"https:\/\/www.conselharan.org\/ca\/wp-json\/wp\/v2\/posts\/38269\/revisions"}],"predecessor-version":[{"id":38270,"href":"https:\/\/www.conselharan.org\/ca\/wp-json\/wp\/v2\/posts\/38269\/revisions\/38270"}],"wp:featuredmedia":[{"embeddable":true,"href":"https:\/\/www.conselharan.org\/ca\/wp-json\/wp\/v2\/media\/38256"}],"wp:attachment":[{"href":"https:\/\/www.conselharan.org\/ca\/wp-json\/wp\/v2\/media?parent=38269"}],"wp:term":[{"taxonomy":"category","embeddable":true,"href":"https:\/\/www.conselharan.org\/ca\/wp-json\/wp\/v2\/categories?post=38269"},{"taxonomy":"post_tag","embeddable":true,"href":"https:\/\/www.conselharan.org\/ca\/wp-json\/wp\/v2\/tags?post=38269"}],"curies":[{"name":"wp","href":"https:\/\/api.w.org\/{rel}","templated":true}]}}