{"id":38459,"date":"2020-12-24T12:30:27","date_gmt":"2020-12-24T11:30:27","guid":{"rendered":"https:\/\/www.conselharan.org\/?p=38459"},"modified":"2020-12-24T12:33:51","modified_gmt":"2020-12-24T11:33:51","slug":"diversos-equipaments-patrimonials-i-esglesies-daran-oberen-per-les-festes-de-nadal","status":"publish","type":"post","link":"https:\/\/www.conselharan.org\/ca\/diversos-equipaments-patrimonials-i-esglesies-daran-oberen-per-les-festes-de-nadal\/","title":{"rendered":"Diversos equipaments patrimonials i esgl\u00e9sies d&#8217;Aran obren per les festes de Nadal"},"content":{"rendered":"<p><a href=\"https:\/\/www.conselharan.org\/wp-content\/uploads\/2020\/12\/DSC7436.jpg\"><img loading=\"lazy\" decoding=\"async\" class=\"wp-image-38451 aligncenter\" src=\"https:\/\/www.conselharan.org\/wp-content\/uploads\/2020\/12\/DSC7436-300x200.jpg\" alt=\"\" width=\"846\" height=\"564\" srcset=\"https:\/\/www.conselharan.org\/wp-content\/uploads\/2020\/12\/DSC7436-300x200.jpg 300w, https:\/\/www.conselharan.org\/wp-content\/uploads\/2020\/12\/DSC7436-1024x683.jpg 1024w, https:\/\/www.conselharan.org\/wp-content\/uploads\/2020\/12\/DSC7436-768x512.jpg 768w, https:\/\/www.conselharan.org\/wp-content\/uploads\/2020\/12\/DSC7436-1536x1024.jpg 1536w, https:\/\/www.conselharan.org\/wp-content\/uploads\/2020\/12\/DSC7436.jpg 2048w\" sizes=\"(max-width: 846px) 100vw, 846px\" \/><\/a><\/p>\n<ul>\n<li><strong>Des del 26 de desembre de 2020 fins al 9 de gener del 2021 obriran diversos equipaments patrimonials i esgl\u00e9sies, habitualment tancats en aquestes dates<\/strong><\/li>\n<\/ul>\n<p>Aquesta iniciativa \u00e9s un esfor\u00e7 conjunt dels departaments del Conselh \u00a0Generau d&#8217;Aran: Torisme Val d&#8217;Aran i Mus\u00e8us dera Val d&#8217;Aran, amb la col\u00b7laboraci\u00f3 del Bisbat d&#8217;Urgell, amb l&#8217;objectiu d&#8217;ampliar l&#8217;oferta cultural en aquestes festes de Nadal. L&#8217;aforament de totes les equipacions i esgl\u00e9sies estar\u00e0 limitat i es seguiran totes les mesures sanit\u00e0ries implementades per la Covid.<\/p>\n<p>Els equipaments estar\u00e1n oberts en l\u2019horaris detallat al cartell, s\u00f3n d\u2019entrada gratu\u00efta i sense visita guiada:<\/p>\n<ul>\n<li>Esgl\u00e9sia de Santa Maria d&#8217;Arties<\/li>\n<li>Esgl\u00e9sia de Santa Eul\u00e0ria d&#8217;Unha<\/li>\n<li>Esgl\u00e9sia de Sant F\u00e8lix de Vilac<\/li>\n<li>Esgl\u00e9sia de Sant Est\u00e8ue de Betren<\/li>\n<li><em>Fabrica de la Lan de Vielha<\/em><\/li>\n<li><em> M\u00f2la de Salard\u00fa<\/em><\/li>\n<\/ul>\n<p>A m\u00e9s a m\u00e9s d&#8217;aquests equipaments, tamb\u00e9 s&#8217;obriran al p\u00fablic (vegeu horaris al cartell):<\/p>\n<ul>\n<li>El <em>Mus\u00e8u dera Val d&#8217;Aran<\/em>, a Vielha<\/li>\n<li>L<em>&#8216;Ecomus\u00e8u \u00c7\u00f2 de Joanchiquet<\/em>, a Vilam\u00f2s<\/li>\n<li>El <em>Mus\u00e8u dera Nh\u00e8u<\/em> d&#8217;Unha.<\/li>\n<\/ul>\n<p>D&#8217;altra banda, tamb\u00e9 estaran obertes i seran visitables les esgl\u00e9sies de <em>era Mair de Diu dera Purificacion de Boss\u00f2st, Sant Miqu\u00e8u de Vielha, Santa Maria d&#8217;Arties (matins) e Sant Andr\u00e8u de Salard\u00fa<\/em>, excepte pendent les celebracions religioses.<\/p>\n ","protected":false},"excerpt":{"rendered":"<p>Des del 26 de desembre de 2020 fins al 9 de gener del 2021 obriran diversos equipaments patrimonials i esgl\u00e9sies, habitualment tancats en aquestes dates Aquesta iniciativa \u00e9s un esfor\u00e7 conjunt dels departaments del Conselh \u00a0Generau d&#8217;Aran: Torisme Val d&#8217;Aran i Mus\u00e8us dera Val d&#8217;Aran, amb la col\u00b7laboraci\u00f3 del Bisbat d&#8217;Urgell, amb l&#8217;objectiu d&#8217;ampliar l&#8217;oferta&#8230;<\/p>\n","protected":false},"author":10,"featured_media":38451,"comment_status":"closed","ping_status":"closed","sticky":false,"template":"","format":"standard","meta":{"footnotes":""},"categories":[794,33],"tags":[],"_links":{"self":[{"href":"https:\/\/www.conselharan.org\/ca\/wp-json\/wp\/v2\/posts\/38459"}],"collection":[{"href":"https:\/\/www.conselharan.org\/ca\/wp-json\/wp\/v2\/posts"}],"about":[{"href":"https:\/\/www.conselharan.org\/ca\/wp-json\/wp\/v2\/types\/post"}],"author":[{"embeddable":true,"href":"https:\/\/www.conselharan.org\/ca\/wp-json\/wp\/v2\/users\/10"}],"replies":[{"embeddable":true,"href":"https:\/\/www.conselharan.org\/ca\/wp-json\/wp\/v2\/comments?post=38459"}],"version-history":[{"count":3,"href":"https:\/\/www.conselharan.org\/ca\/wp-json\/wp\/v2\/posts\/38459\/revisions"}],"predecessor-version":[{"id":38462,"href":"https:\/\/www.conselharan.org\/ca\/wp-json\/wp\/v2\/posts\/38459\/revisions\/38462"}],"wp:featuredmedia":[{"embeddable":true,"href":"https:\/\/www.conselharan.org\/ca\/wp-json\/wp\/v2\/media\/38451"}],"wp:attachment":[{"href":"https:\/\/www.conselharan.org\/ca\/wp-json\/wp\/v2\/media?parent=38459"}],"wp:term":[{"taxonomy":"category","embeddable":true,"href":"https:\/\/www.conselharan.org\/ca\/wp-json\/wp\/v2\/categories?post=38459"},{"taxonomy":"post_tag","embeddable":true,"href":"https:\/\/www.conselharan.org\/ca\/wp-json\/wp\/v2\/tags?post=38459"}],"curies":[{"name":"wp","href":"https:\/\/api.w.org\/{rel}","templated":true}]}}