{"id":40211,"date":"2021-02-03T14:09:53","date_gmt":"2021-02-03T13:09:53","guid":{"rendered":"https:\/\/www.conselharan.org\/eth-conselh-generau-daran-organize-ua-nada-edicion-deth-concors-literari-aran-de-literatura\/"},"modified":"2021-02-03T14:14:09","modified_gmt":"2021-02-03T13:14:09","slug":"eth-conselh-generau-daran-organize-ua-nada-edicion-deth-concors-literari-aran-de-literatura","status":"publish","type":"post","link":"https:\/\/www.conselharan.org\/ca\/eth-conselh-generau-daran-organize-ua-nada-edicion-deth-concors-literari-aran-de-literatura\/","title":{"rendered":"El Conselh Generau d\u2019Aran organitza una nova edici\u00f3 del concurs literari Aran de Literatura"},"content":{"rendered":"<p><a href=\"https:\/\/www.conselharan.org\/wp-content\/uploads\/2021\/02\/image001.jpg\"><img loading=\"lazy\" decoding=\"async\" class=\"aligncenter wp-image-40196 size-full\" src=\"https:\/\/www.conselharan.org\/wp-content\/uploads\/2021\/02\/image001.jpg\" alt=\"\" width=\"1005\" height=\"695\" srcset=\"https:\/\/www.conselharan.org\/wp-content\/uploads\/2021\/02\/image001.jpg 1005w, https:\/\/www.conselharan.org\/wp-content\/uploads\/2021\/02\/image001-300x207.jpg 300w, https:\/\/www.conselharan.org\/wp-content\/uploads\/2021\/02\/image001-768x531.jpg 768w\" sizes=\"(max-width: 1005px) 100vw, 1005px\" \/><\/a><\/p>\n<ul>\n<li>\n<h3><strong>Aquest concurs, que celebra enguany la seva XXI edici\u00f3, promociona l&#8217;\u00fas de l&#8217;aran\u00e8s en la literatura i est\u00e0 obert a totes les persones majors de 18 anys que vulguin participar<\/strong><\/h3>\n<\/li>\n<\/ul>\n<p>EL departament de Llengua i Cultura del Conselh Generau d\u2019Aran ha convocat la XXI edici\u00f3 del Premi Aran de Literatura, un concurs que ajuda a promocionar l&#8217;\u00fas de l&#8217;aran\u00e8s en la literatura.<\/p>\n<p>El Premi Aran de Literatura est\u00e0 obert a totes les persones de m\u00e9s de 18 anys que vulguin participar i consta de tres categories: narraci\u00f3, poesia i novel\u00b7la juvenil.<\/p>\n<p>Els autors podran presentar les seves obres en el Departament de Llengua i Cultura del Conselh abans del dia 30 de juliol. Les obres han de ser in\u00e8dites i presentades de manera an\u00f2nima (es poden consultar les bases del premi <strong><a href=\"https:\/\/www.conselharan.org\/wp-content\/uploads\/2021\/02\/Aran-de-Literatura-2021.pdf\">Aran de Literatura 2021<\/a><\/strong> per a con\u00e8ixer tots els detalls).<\/p>\n<p>Per als guanyadors i guanyadores d&#8217;aquest concurs s&#8217;oferir\u00e0 un premi en met\u00e0l\u00b7lic i un diploma, que s&#8217;atorgaran durant la tardor.<\/p>\n<p><a href=\"https:\/\/www.conselharan.org\/wp-content\/uploads\/2021\/02\/image002.jpg\"><img loading=\"lazy\" decoding=\"async\" class=\"aligncenter wp-image-40199 size-full\" src=\"https:\/\/www.conselharan.org\/wp-content\/uploads\/2021\/02\/image002.jpg\" alt=\"\" width=\"1010\" height=\"697\" srcset=\"https:\/\/www.conselharan.org\/wp-content\/uploads\/2021\/02\/image002.jpg 1010w, https:\/\/www.conselharan.org\/wp-content\/uploads\/2021\/02\/image002-300x207.jpg 300w, https:\/\/www.conselharan.org\/wp-content\/uploads\/2021\/02\/image002-768x530.jpg 768w\" sizes=\"(max-width: 1010px) 100vw, 1010px\" \/><\/a><\/p>\n ","protected":false},"excerpt":{"rendered":"<p>Aquest concurs, que celebra enguany la seva XXI edici\u00f3, promociona l&#8217;\u00fas de l&#8217;aran\u00e8s en la literatura i est\u00e0 obert a totes les persones majors de 18 anys que vulguin participar EL departament de Llengua i Cultura del Conselh Generau d\u2019Aran ha convocat la XXI edici\u00f3 del Premi Aran de Literatura, un concurs que ajuda a&#8230;<\/p>\n","protected":false},"author":10,"featured_media":40197,"comment_status":"closed","ping_status":"closed","sticky":false,"template":"","format":"standard","meta":{"footnotes":""},"categories":[794,33],"tags":[],"_links":{"self":[{"href":"https:\/\/www.conselharan.org\/ca\/wp-json\/wp\/v2\/posts\/40211"}],"collection":[{"href":"https:\/\/www.conselharan.org\/ca\/wp-json\/wp\/v2\/posts"}],"about":[{"href":"https:\/\/www.conselharan.org\/ca\/wp-json\/wp\/v2\/types\/post"}],"author":[{"embeddable":true,"href":"https:\/\/www.conselharan.org\/ca\/wp-json\/wp\/v2\/users\/10"}],"replies":[{"embeddable":true,"href":"https:\/\/www.conselharan.org\/ca\/wp-json\/wp\/v2\/comments?post=40211"}],"version-history":[{"count":2,"href":"https:\/\/www.conselharan.org\/ca\/wp-json\/wp\/v2\/posts\/40211\/revisions"}],"predecessor-version":[{"id":40213,"href":"https:\/\/www.conselharan.org\/ca\/wp-json\/wp\/v2\/posts\/40211\/revisions\/40213"}],"wp:featuredmedia":[{"embeddable":true,"href":"https:\/\/www.conselharan.org\/ca\/wp-json\/wp\/v2\/media\/40197"}],"wp:attachment":[{"href":"https:\/\/www.conselharan.org\/ca\/wp-json\/wp\/v2\/media?parent=40211"}],"wp:term":[{"taxonomy":"category","embeddable":true,"href":"https:\/\/www.conselharan.org\/ca\/wp-json\/wp\/v2\/categories?post=40211"},{"taxonomy":"post_tag","embeddable":true,"href":"https:\/\/www.conselharan.org\/ca\/wp-json\/wp\/v2\/tags?post=40211"}],"curies":[{"name":"wp","href":"https:\/\/api.w.org\/{rel}","templated":true}]}}