{"id":40817,"date":"2021-02-22T14:29:19","date_gmt":"2021-02-22T13:29:19","guid":{"rendered":"https:\/\/www.conselharan.org\/el-conselh-generau-daran-actuara-en-la-millora-de-lacces-al-campanar-de-lesglesia-de-salardu\/"},"modified":"2021-02-22T14:32:17","modified_gmt":"2021-02-22T13:32:17","slug":"el-conselh-generau-daran-actuara-en-la-millora-de-lacces-al-campanar-de-lesglesia-de-salardu","status":"publish","type":"post","link":"https:\/\/www.conselharan.org\/ca\/el-conselh-generau-daran-actuara-en-la-millora-de-lacces-al-campanar-de-lesglesia-de-salardu\/","title":{"rendered":"El Conselh Generau d\u2019Aran actuar\u00e0 en la millora de l&#8217;acc\u00e9s al campanar de l&#8217;esgl\u00e9sia de Salard\u00fa"},"content":{"rendered":"<p><a href=\"https:\/\/www.conselharan.org\/wp-content\/uploads\/2021\/02\/057_DSC6539_SO-01.jpg\"><img loading=\"lazy\" decoding=\"async\" class=\"aligncenter wp-image-40802 size-large\" src=\"https:\/\/www.conselharan.org\/wp-content\/uploads\/2021\/02\/057_DSC6539_SO-01-1024x681.jpg\" alt=\"\" width=\"1024\" height=\"681\" srcset=\"https:\/\/www.conselharan.org\/wp-content\/uploads\/2021\/02\/057_DSC6539_SO-01-1024x681.jpg 1024w, https:\/\/www.conselharan.org\/wp-content\/uploads\/2021\/02\/057_DSC6539_SO-01-300x200.jpg 300w, https:\/\/www.conselharan.org\/wp-content\/uploads\/2021\/02\/057_DSC6539_SO-01-768x511.jpg 768w, https:\/\/www.conselharan.org\/wp-content\/uploads\/2021\/02\/057_DSC6539_SO-01.jpg 1200w\" sizes=\"(max-width: 1024px) 100vw, 1024px\" \/><\/a><\/p>\n<ul>\n<li>\n<h3><strong>Actualment, l&#8217;acc\u00e9s al campanar de l&#8217;esgl\u00e9sia de Sant Andreu es troba en molt mal estat, arribant a ser perill\u00f3s, i amb aquestes obres d&#8217;accessibilitat no nom\u00e9s es garantir\u00e0 la seguretat de les persones, permetent que el campanar sigui visitable, sin\u00f3 que tamb\u00e9 es posar\u00e0 en valor l&#8217;estructura de fusta del seu interior, d&#8217;un alt inter\u00e8s arquitect\u00f2nic i hist\u00f2ric<\/strong><\/h3>\n<\/li>\n<\/ul>\n<p>El govern del Conselh Generau d\u2019Aran ha aprovat l&#8217;expedient de contractaci\u00f3 i licitaci\u00f3 de les obres d&#8217;accessibilitat al campanar de l&#8217;esgl\u00e9sia de Sant Andreu de Salard\u00fa.<\/p>\n<p>L&#8217;objectiu d&#8217;aquests treballs \u00e9s dotar al campanar d&#8217;unes condicions d&#8217;acc\u00e9s segures, ja que en l&#8217;actualitat es troba en un estat p\u00e8ssim, fins i tot perill\u00f3s. Les actuacions que es duran a terme busquen respectar l&#8217;estructura d&#8217;obra i, sobretot, posar en valor les estructures de fusta d&#8217;aquest campanar, que s\u00f3n d&#8217;un alt inter\u00e8s arquitect\u00f2nic.<\/p>\n<p>\u201cEl govern del Conselh Generau d\u2019Aran est\u00e0 totalment comprom\u00e8s amb la protecci\u00f3 del nostre patrimoni i, mitjan\u00e7ant actuacions com aquesta, busca posar en valor les nostres esgl\u00e9sies i monuments, que s\u00f3n una part important de la nostra cultura i les nostres tradicions\u201d, afirmava la s\u00edndica d&#8217;Aran, Maria Verg\u00e9s, afegint que: \u201camb les obres d&#8217;accessibilitat al campanar de l&#8217;esgl\u00e9sia de Sant Andreu, a m\u00e9s de refor\u00e7ar l&#8217;estructura i assegurar-la, es permetr\u00e0 fer visitable el campanar i donar a con\u00e8ixer el seu alt valor hist\u00f2ric\u201d.<\/p>\n<p><a href=\"https:\/\/www.conselharan.org\/wp-content\/uploads\/2021\/02\/Salard\u00fa-3-scaled.jpg\"><img loading=\"lazy\" decoding=\"async\" class=\"aligncenter wp-image-40808 size-large\" src=\"https:\/\/www.conselharan.org\/wp-content\/uploads\/2021\/02\/Salard\u00fa-3-1024x768.jpg\" alt=\"\" width=\"1024\" height=\"768\" srcset=\"https:\/\/www.conselharan.org\/wp-content\/uploads\/2021\/02\/Salard\u00fa-3-1024x768.jpg 1024w, https:\/\/www.conselharan.org\/wp-content\/uploads\/2021\/02\/Salard\u00fa-3-300x225.jpg 300w, https:\/\/www.conselharan.org\/wp-content\/uploads\/2021\/02\/Salard\u00fa-3-768x576.jpg 768w, https:\/\/www.conselharan.org\/wp-content\/uploads\/2021\/02\/Salard\u00fa-3-1536x1152.jpg 1536w, https:\/\/www.conselharan.org\/wp-content\/uploads\/2021\/02\/Salard\u00fa-3-2048x1536.jpg 2048w\" sizes=\"(max-width: 1024px) 100vw, 1024px\" \/><\/a><\/p>\n<p>Aquestes obres, dotades d&#8217;un pressupost de prop de 175.00 euros, plantegen la construcci\u00f3 d&#8217;una nova escala d&#8217;acc\u00e9s que garanteixi la seguretat dels usuaris i usu\u00e0ries fins al quart nivell, que \u00e9s on es troben la sala de campanes amb el rellotge del campanar i la impressionant estructura de roure del castell de campanes. Tamb\u00e9 es restauraran les tres estructures radials del nivell 4 i es consolidar\u00e0 un tram d&#8217;escala (tancat al p\u00fablic) que arribar\u00e0 fins al cinqu\u00e8 nivell, per a permetre el correcte manteniment de les campanes.<\/p>\n<p><a href=\"https:\/\/www.conselharan.org\/wp-content\/uploads\/2021\/02\/IMG_0071-scaled.jpg\"><img loading=\"lazy\" decoding=\"async\" class=\"aligncenter wp-image-40805 size-large\" src=\"https:\/\/www.conselharan.org\/wp-content\/uploads\/2021\/02\/IMG_0071-1024x840.jpg\" alt=\"\" width=\"1024\" height=\"840\" srcset=\"https:\/\/www.conselharan.org\/wp-content\/uploads\/2021\/02\/IMG_0071-1024x840.jpg 1024w, https:\/\/www.conselharan.org\/wp-content\/uploads\/2021\/02\/IMG_0071-300x246.jpg 300w, https:\/\/www.conselharan.org\/wp-content\/uploads\/2021\/02\/IMG_0071-768x630.jpg 768w, https:\/\/www.conselharan.org\/wp-content\/uploads\/2021\/02\/IMG_0071-1536x1260.jpg 1536w, https:\/\/www.conselharan.org\/wp-content\/uploads\/2021\/02\/IMG_0071-2048x1680.jpg 2048w\" sizes=\"(max-width: 1024px) 100vw, 1024px\" \/><\/a><\/p>\n ","protected":false},"excerpt":{"rendered":"<p>Actualment, l&#8217;acc\u00e9s al campanar de l&#8217;esgl\u00e9sia de Sant Andreu es troba en molt mal estat, arribant a ser perill\u00f3s, i amb aquestes obres d&#8217;accessibilitat no nom\u00e9s es garantir\u00e0 la seguretat de les persones, permetent que el campanar sigui visitable, sin\u00f3 que tamb\u00e9 es posar\u00e0 en valor l&#8217;estructura de fusta del seu interior, d&#8217;un alt inter\u00e8s&#8230;<\/p>\n","protected":false},"author":10,"featured_media":40803,"comment_status":"closed","ping_status":"closed","sticky":false,"template":"","format":"standard","meta":{"footnotes":""},"categories":[794,53],"tags":[],"_links":{"self":[{"href":"https:\/\/www.conselharan.org\/ca\/wp-json\/wp\/v2\/posts\/40817"}],"collection":[{"href":"https:\/\/www.conselharan.org\/ca\/wp-json\/wp\/v2\/posts"}],"about":[{"href":"https:\/\/www.conselharan.org\/ca\/wp-json\/wp\/v2\/types\/post"}],"author":[{"embeddable":true,"href":"https:\/\/www.conselharan.org\/ca\/wp-json\/wp\/v2\/users\/10"}],"replies":[{"embeddable":true,"href":"https:\/\/www.conselharan.org\/ca\/wp-json\/wp\/v2\/comments?post=40817"}],"version-history":[{"count":1,"href":"https:\/\/www.conselharan.org\/ca\/wp-json\/wp\/v2\/posts\/40817\/revisions"}],"predecessor-version":[{"id":40818,"href":"https:\/\/www.conselharan.org\/ca\/wp-json\/wp\/v2\/posts\/40817\/revisions\/40818"}],"wp:featuredmedia":[{"embeddable":true,"href":"https:\/\/www.conselharan.org\/ca\/wp-json\/wp\/v2\/media\/40803"}],"wp:attachment":[{"href":"https:\/\/www.conselharan.org\/ca\/wp-json\/wp\/v2\/media?parent=40817"}],"wp:term":[{"taxonomy":"category","embeddable":true,"href":"https:\/\/www.conselharan.org\/ca\/wp-json\/wp\/v2\/categories?post=40817"},{"taxonomy":"post_tag","embeddable":true,"href":"https:\/\/www.conselharan.org\/ca\/wp-json\/wp\/v2\/tags?post=40817"}],"curies":[{"name":"wp","href":"https:\/\/api.w.org\/{rel}","templated":true}]}}