{"id":4095,"date":"2014-07-02T09:41:16","date_gmt":"2014-07-02T07:41:16","guid":{"rendered":"http:\/\/www.conselharan.org\/?p=4095"},"modified":"2014-07-02T09:44:51","modified_gmt":"2014-07-02T07:44:51","slug":"el-ple-del-conselh-generau-aprova-diverses-mocions-de-suport-al-sector-ramader-de-la-val-daran-i-la-demanda-de-millora-de-seguretat-a-la-n-230","status":"publish","type":"post","link":"https:\/\/www.conselharan.org\/ca\/el-ple-del-conselh-generau-aprova-diverses-mocions-de-suport-al-sector-ramader-de-la-val-daran-i-la-demanda-de-millora-de-seguretat-a-la-n-230\/","title":{"rendered":"El Ple del Conselh Generau aprova diverses mocions de suport al sector ramader de la Val d\u2019Aran i la demanda de millora de seguretat a la N-230"},"content":{"rendered":"<p><b>\u00a0<a href=\"http:\/\/www.conselharan.org\/wp-content\/uploads\/2014\/07\/foto-pleno1.jpg\"><img loading=\"lazy\" decoding=\"async\" class=\"aligncenter size-full wp-image-4093\" alt=\"foto pleno\" src=\"http:\/\/www.conselharan.org\/wp-content\/uploads\/2014\/07\/foto-pleno1.jpg\" width=\"800\" height=\"536\" srcset=\"https:\/\/www.conselharan.org\/wp-content\/uploads\/2014\/07\/foto-pleno1.jpg 800w, https:\/\/www.conselharan.org\/wp-content\/uploads\/2014\/07\/foto-pleno1-300x201.jpg 300w\" sizes=\"(max-width: 800px) 100vw, 800px\" \/><\/a><\/b><\/p>\n<ul>\n<li><b>El Conselh Generau d\u2019Aran va aprovar el manifest de suport a les associacions ramaderes de la Val d\u2019Aran i Catalonha respecte al nou Programa de Desenvolupament Rural<\/b><\/li>\n<\/ul>\n<ul style=\"text-align: left\">\n<li><b>El Ple demanar\u00e0 al Ministerio de Fomento la necessitat d\u2019obres de millora de seguretat a la N-230 despr\u00e9s d\u2019haver-se patit diversos accidents per la falta d\u2019infraestructures en bon estat<\/b><\/li>\n<\/ul>\n<p style=\"text-align: left\">Durant l&#8217;\u00faltima sessi\u00f3 ordin\u00e0ria del Ple del Conselh Generau d\u2019Aran, s\u2019han aprovat per unanimitat les mocions per donar suport a les associacions ramaderes de la Val d\u2019Aran que manifestin, per un costat, que el nou Programa de Desenvolupament Rural perjudica els seus interessos. El segon punt va ser la demanda al Govern Espanyol de la inversi\u00f3 del 5% de la Pol\u00edtica Agr\u00e0ria Comuna que han de rebre les zones de muntanya, i que fins ara no han estat efectuades.<\/p>\n<p style=\"text-align: left\">El Ple tamb\u00e9 ha aprovat fer una demanda al Ministerio de Fomento per a que arreglin la N-230. Les condicions de seguretat de la carretera s\u00f3n deficit\u00e0ries i s\u2019ha de millorar la seva seguretat. Segons paraules del s\u00edndic d\u2019Aran, <b>Carlos Barrera<\/b>, <b>\u201c\u00e9s necessari una millora d\u2019aquesta carretera degut a que cada dia hi transiten molts camions, i la seguretat no est\u00e0 garantida per tots els vehicles que hi circulen. Els diversos episodis d\u2019accidents ens donen la ra\u00f3\u201d.<\/b> Aquesta \u00e9s una declaraci\u00f3 que fan conjuntament la Val d\u2019Aran i l&#8217;Alta Ribagor\u00e7a.<\/p>\n<p style=\"text-align: left\">A m\u00e9s, el Ple del Conselh Generau tamb\u00e9 va aprovar per unanimitat la demanda a la Confederaci\u00f3n Hidrogr\u00e1fica del Ebro (CHE) de reinversi\u00f3 de la possible demanda econ\u00f2mica sobre l&#8217;expedient sancionador a ENDESA anunciat pel president de la CHE, Xavier de Pedro. Segons Barrera, <b>\u201cen cas de complir-se aquest expedient, demanarem que la quantitat econ\u00f2mica sigui invertida en arreglar diverses \u00e0rees de la Val d\u2019Aran afectats pels aiguats de l&#8217;any passat, sobretot a Arties, Casarilh i Escunhau\u201d<\/b>. En aquest sentit, <b>Barrera<\/b>, tamb\u00e9 ha afegit que <b>\u201ces demanar\u00e0 a la CHE una partida nova de 4 milions d\u2019euros per acabar d\u2019arreglar tot el que encara els hi falta per fer, ja que el 50% del treball no l\u2019han acabat\u201d<\/b>. El Ple tamb\u00e9 va acordar elaborar un informe jur\u00eddic per tenir coneixements jur\u00eddics sobre les actuacions que s\u2019han de dur a terme en els rius.<\/p>\n<p style=\"text-align: left\">El Ple tamb\u00e9 va aprovar la cessi\u00f3 gratu\u00efta de l&#8217;\u00fas d\u2019una parcel\u00b7la per part de l&#8217;Ag\u00e8ncia de Residus de Catalunya, que es troba al municipi de Vielha i Mijaran, al costat de la depuradora. Una cessi\u00f3 que ser\u00e0 a 30 anys i que suposar\u00e0 l&#8217;enderr\u00f2c de la vella depuradora, a c\u00e0rrec del Conselh Generau d\u2019Aran.<\/p>\n ","protected":false},"excerpt":{"rendered":"<p>\u00a0 El Conselh Generau d\u2019Aran va aprovar el manifest de suport a les associacions ramaderes de la Val d\u2019Aran i Catalonha respecte al nou Programa de Desenvolupament Rural El Ple demanar\u00e0 al Ministerio de Fomento la necessitat d\u2019obres de millora de seguretat a la N-230 despr\u00e9s d\u2019haver-se patit diversos accidents per la falta d\u2019infraestructures en&#8230;<\/p>\n","protected":false},"author":2,"featured_media":4093,"comment_status":"closed","ping_status":"closed","sticky":false,"template":"","format":"standard","meta":{"footnotes":""},"categories":[31,53,127,36],"tags":[],"_links":{"self":[{"href":"https:\/\/www.conselharan.org\/ca\/wp-json\/wp\/v2\/posts\/4095"}],"collection":[{"href":"https:\/\/www.conselharan.org\/ca\/wp-json\/wp\/v2\/posts"}],"about":[{"href":"https:\/\/www.conselharan.org\/ca\/wp-json\/wp\/v2\/types\/post"}],"author":[{"embeddable":true,"href":"https:\/\/www.conselharan.org\/ca\/wp-json\/wp\/v2\/users\/2"}],"replies":[{"embeddable":true,"href":"https:\/\/www.conselharan.org\/ca\/wp-json\/wp\/v2\/comments?post=4095"}],"version-history":[{"count":5,"href":"https:\/\/www.conselharan.org\/ca\/wp-json\/wp\/v2\/posts\/4095\/revisions"}],"predecessor-version":[{"id":4098,"href":"https:\/\/www.conselharan.org\/ca\/wp-json\/wp\/v2\/posts\/4095\/revisions\/4098"}],"wp:featuredmedia":[{"embeddable":true,"href":"https:\/\/www.conselharan.org\/ca\/wp-json\/wp\/v2\/media\/4093"}],"wp:attachment":[{"href":"https:\/\/www.conselharan.org\/ca\/wp-json\/wp\/v2\/media?parent=4095"}],"wp:term":[{"taxonomy":"category","embeddable":true,"href":"https:\/\/www.conselharan.org\/ca\/wp-json\/wp\/v2\/categories?post=4095"},{"taxonomy":"post_tag","embeddable":true,"href":"https:\/\/www.conselharan.org\/ca\/wp-json\/wp\/v2\/tags?post=4095"}],"curies":[{"name":"wp","href":"https:\/\/api.w.org\/{rel}","templated":true}]}}