{"id":4140,"date":"2014-07-07T11:30:11","date_gmt":"2014-07-07T09:30:11","guid":{"rendered":"http:\/\/www.conselharan.org\/?p=4140"},"modified":"2014-07-07T11:30:11","modified_gmt":"2014-07-07T09:30:11","slug":"el-conselh-generau-daran-clausura-la-12ena-edicio-de-la-setmana-occitano-catalana-que-enguany-sha-dedicat-a-frederic-mistral","status":"publish","type":"post","link":"https:\/\/www.conselharan.org\/ca\/el-conselh-generau-daran-clausura-la-12ena-edicio-de-la-setmana-occitano-catalana-que-enguany-sha-dedicat-a-frederic-mistral\/","title":{"rendered":"El Conselh Generau d\u2019Aran clausura la 12ena edici\u00f3 de la Setmana Occitano Catalana que enguany s\u2019ha dedicat a Frederic Mistral"},"content":{"rendered":"<p><a href=\"http:\/\/www.conselharan.org\/wp-content\/uploads\/2014\/07\/DSC_0851.jpg\"><img loading=\"lazy\" decoding=\"async\" class=\"aligncenter size-full wp-image-4138\" alt=\"DSC_0851\" src=\"http:\/\/www.conselharan.org\/wp-content\/uploads\/2014\/07\/DSC_0851.jpg\" width=\"448\" height=\"300\" srcset=\"https:\/\/www.conselharan.org\/wp-content\/uploads\/2014\/07\/DSC_0851.jpg 448w, https:\/\/www.conselharan.org\/wp-content\/uploads\/2014\/07\/DSC_0851-300x200.jpg 300w\" sizes=\"(max-width: 448px) 100vw, 448px\" \/><\/a><\/p>\n<p>La jornada del 4 de juliol s\u2019ha dut a terme la clausura de la <strong>12ena Setmana Occitano Catalana<\/strong>, que s\u2019ha celebrat durant el 30 de juny i el 4 de juliol. Enguany aquesta edici\u00f3 d\u2019aquest esdeveniment cultural ha estat dedicat al centenari de la mort de l&#8217;escriptor occit\u00e0 <strong>Frederic Mistral<\/strong>.<\/p>\n<p>En la jornada inaugural, el cap de Pol\u00edtica Ling\u00fc\u00edstica del Conselh Generau d\u2019Aran, <strong>Jus\u00e8p Lo\u00eds Sans<\/strong>, va oferir un recull de les diferents <strong>publicacions que s\u2019han editat enguany en aran\u00e8s<\/strong>. Dins d\u2019aquest conjunt de creacions, hi trobem un conjunt de llibres de text pels estudiants, per\u00f2 tamb\u00e9 novel\u00b7les, obres de teatre, un diccionari occit\u00e0-catal\u00e0 i diversos c\u00f2mics entre d\u2019altres. En total una quinzena de composicions que poden visualitzar-se a trav\u00e9s de la nova plana web de publicacions del Conselh Generau d\u2019Aran: <a href=\"publicacions.conselharan.org\">publicacions.conselharan.org<\/a><\/p>\n<p>Al llarg de la setmana s\u2019han dut a terme diferents <strong>confer\u00e8ncies per aprofundir en l&#8217;aran\u00e8s i l&#8217;occit\u00e0 referencial, a c\u00e0rrec d\u2019Aitor Carrera i Jordi Suils i sobre la literatura occitana, a c\u00e0rrec de Jaime Figueras i Jacme Taupiac<\/strong>. A m\u00e9s, tamb\u00e9 hi va haver un espai dedicat a <strong>Mistral<\/strong> en la clausura de la setmana, <strong>visualitzant-se una pel\u00b7l\u00edcula<\/strong> dedicada a l&#8217;autor occit\u00e0, de la Mostra de Cinema Occit\u00e0.<\/p>\n<p>Segons paraules de <strong>Jus\u00e8p Lo\u00eds Sans, \u201cl&#8217;objectiu d\u2019aquesta 12ena Setmana Occitano Catalana era fer una trobada per debatre i fer reflexions sobre tots aquells afers relacionats amb la cultura occitano catalana, centrat sobre tot a l&#8217;\u00e0rea ling\u00fc\u00edstica\u201d<\/strong>.<\/p>\n<p><strong>\u201cEnguan auem h\u00e8t ua especiau mencion a un referent dera literatura occitana coma ei Frederic Mistral, pr\u2019amor qu\u2019en tot commemorar eth centenari dera sua m\u00f2rt, auem dat vida as sues \u00f2bres e a ua figura qu\u2019encara au\u00e9 dia ei plan importanta entar aran\u00e9s, m\u00e9s tanben entath conjunt dera cultura occitana\u201d<\/strong>, a higit <strong>Sans<\/strong>.<\/p>\n ","protected":false},"excerpt":{"rendered":"<p>La jornada del 4 de juliol s\u2019ha dut a terme la clausura de la 12ena Setmana Occitano Catalana, que s\u2019ha celebrat durant el 30 de juny i el 4 de juliol. Enguany aquesta edici\u00f3 d\u2019aquest esdeveniment cultural ha estat dedicat al centenari de la mort de l&#8217;escriptor occit\u00e0 Frederic Mistral. En la jornada inaugural, el&#8230;<\/p>\n","protected":false},"author":2,"featured_media":4138,"comment_status":"closed","ping_status":"closed","sticky":false,"template":"","format":"standard","meta":{"footnotes":""},"categories":[31,133,33,36],"tags":[],"_links":{"self":[{"href":"https:\/\/www.conselharan.org\/ca\/wp-json\/wp\/v2\/posts\/4140"}],"collection":[{"href":"https:\/\/www.conselharan.org\/ca\/wp-json\/wp\/v2\/posts"}],"about":[{"href":"https:\/\/www.conselharan.org\/ca\/wp-json\/wp\/v2\/types\/post"}],"author":[{"embeddable":true,"href":"https:\/\/www.conselharan.org\/ca\/wp-json\/wp\/v2\/users\/2"}],"replies":[{"embeddable":true,"href":"https:\/\/www.conselharan.org\/ca\/wp-json\/wp\/v2\/comments?post=4140"}],"version-history":[{"count":1,"href":"https:\/\/www.conselharan.org\/ca\/wp-json\/wp\/v2\/posts\/4140\/revisions"}],"predecessor-version":[{"id":4141,"href":"https:\/\/www.conselharan.org\/ca\/wp-json\/wp\/v2\/posts\/4140\/revisions\/4141"}],"wp:featuredmedia":[{"embeddable":true,"href":"https:\/\/www.conselharan.org\/ca\/wp-json\/wp\/v2\/media\/4138"}],"wp:attachment":[{"href":"https:\/\/www.conselharan.org\/ca\/wp-json\/wp\/v2\/media?parent=4140"}],"wp:term":[{"taxonomy":"category","embeddable":true,"href":"https:\/\/www.conselharan.org\/ca\/wp-json\/wp\/v2\/categories?post=4140"},{"taxonomy":"post_tag","embeddable":true,"href":"https:\/\/www.conselharan.org\/ca\/wp-json\/wp\/v2\/tags?post=4140"}],"curies":[{"name":"wp","href":"https:\/\/api.w.org\/{rel}","templated":true}]}}