{"id":42065,"date":"2021-04-16T11:25:29","date_gmt":"2021-04-16T09:25:29","guid":{"rendered":"https:\/\/www.conselharan.org\/se-confirmen-6-casi-positius-per-covid-19-2\/"},"modified":"2021-04-16T11:27:30","modified_gmt":"2021-04-16T09:27:30","slug":"se-confirmen-6-casi-positius-per-covid-19-2","status":"publish","type":"post","link":"https:\/\/www.conselharan.org\/ca\/se-confirmen-6-casi-positius-per-covid-19-2\/","title":{"rendered":"Es confirmen 6 casos positius per COVID-19"},"content":{"rendered":"<p><a href=\"https:\/\/www.conselharan.org\/wp-content\/uploads\/2021\/04\/Actualizacion-donades-COVID.png\"><img loading=\"lazy\" decoding=\"async\" class=\"aligncenter wp-image-41989 size-large\" src=\"https:\/\/www.conselharan.org\/wp-content\/uploads\/2021\/04\/Actualizacion-donades-COVID-1024x1024.png\" alt=\"\" width=\"1024\" height=\"1024\" srcset=\"https:\/\/www.conselharan.org\/wp-content\/uploads\/2021\/04\/Actualizacion-donades-COVID-1024x1024.png 1024w, https:\/\/www.conselharan.org\/wp-content\/uploads\/2021\/04\/Actualizacion-donades-COVID-300x300.png 300w, https:\/\/www.conselharan.org\/wp-content\/uploads\/2021\/04\/Actualizacion-donades-COVID-150x150.png 150w, https:\/\/www.conselharan.org\/wp-content\/uploads\/2021\/04\/Actualizacion-donades-COVID-768x768.png 768w, https:\/\/www.conselharan.org\/wp-content\/uploads\/2021\/04\/Actualizacion-donades-COVID-270x270.png 270w, https:\/\/www.conselharan.org\/wp-content\/uploads\/2021\/04\/Actualizacion-donades-COVID-207x207.png 207w, https:\/\/www.conselharan.org\/wp-content\/uploads\/2021\/04\/Actualizacion-donades-COVID-75x75.png 75w, https:\/\/www.conselharan.org\/wp-content\/uploads\/2021\/04\/Actualizacion-donades-COVID.png 1080w\" sizes=\"(max-width: 1024px) 100vw, 1024px\" \/><\/a><\/p>\n<ul>\n<li>\n<h3><strong>Cal lamentar la mort d\u2019una persona de 72 anys de la Val d\u2019Aran ingressada a Lleida a causa de la COVID-19. El Conselh Generau d\u2019Aran transmet les seves condolences a la fam\u00edlia. <\/strong><\/h3>\n<\/li>\n<\/ul>\n<p>En les \u00faltimes 24 hores, s\u2019han dut a terme dues altes a la planta COVID-19 de l\u2019Espitau Val d\u2019Aran, on actualment hi ha 4 persones ingressades.<\/p>\n<p>El govern del Conselh Generau d\u2019Aran recorda la necessitat de seguir totes les mesures preventives establertes per les autoritats sanit\u00e0ries i recomana reduir al m\u00e0xim la interacci\u00f3 social.<\/p>\n ","protected":false},"excerpt":{"rendered":"<p>Cal lamentar la mort d\u2019una persona de 72 anys de la Val d\u2019Aran ingressada a Lleida a causa de la COVID-19. El Conselh Generau d\u2019Aran transmet les seves condolences a la fam\u00edlia. En les \u00faltimes 24 hores, s\u2019han dut a terme dues altes a la planta COVID-19 de l\u2019Espitau Val d\u2019Aran, on actualment hi ha&#8230;<\/p>\n","protected":false},"author":10,"featured_media":41990,"comment_status":"closed","ping_status":"closed","sticky":false,"template":"","format":"standard","meta":{"footnotes":""},"categories":[33,805],"tags":[],"_links":{"self":[{"href":"https:\/\/www.conselharan.org\/ca\/wp-json\/wp\/v2\/posts\/42065"}],"collection":[{"href":"https:\/\/www.conselharan.org\/ca\/wp-json\/wp\/v2\/posts"}],"about":[{"href":"https:\/\/www.conselharan.org\/ca\/wp-json\/wp\/v2\/types\/post"}],"author":[{"embeddable":true,"href":"https:\/\/www.conselharan.org\/ca\/wp-json\/wp\/v2\/users\/10"}],"replies":[{"embeddable":true,"href":"https:\/\/www.conselharan.org\/ca\/wp-json\/wp\/v2\/comments?post=42065"}],"version-history":[{"count":1,"href":"https:\/\/www.conselharan.org\/ca\/wp-json\/wp\/v2\/posts\/42065\/revisions"}],"predecessor-version":[{"id":42066,"href":"https:\/\/www.conselharan.org\/ca\/wp-json\/wp\/v2\/posts\/42065\/revisions\/42066"}],"wp:featuredmedia":[{"embeddable":true,"href":"https:\/\/www.conselharan.org\/ca\/wp-json\/wp\/v2\/media\/41990"}],"wp:attachment":[{"href":"https:\/\/www.conselharan.org\/ca\/wp-json\/wp\/v2\/media?parent=42065"}],"wp:term":[{"taxonomy":"category","embeddable":true,"href":"https:\/\/www.conselharan.org\/ca\/wp-json\/wp\/v2\/categories?post=42065"},{"taxonomy":"post_tag","embeddable":true,"href":"https:\/\/www.conselharan.org\/ca\/wp-json\/wp\/v2\/tags?post=42065"}],"curies":[{"name":"wp","href":"https:\/\/api.w.org\/{rel}","templated":true}]}}