{"id":4271,"date":"2014-07-22T14:50:00","date_gmt":"2014-07-22T12:50:00","guid":{"rendered":"http:\/\/www.conselharan.org\/?p=4271"},"modified":"2014-07-22T14:50:00","modified_gmt":"2014-07-22T12:50:00","slug":"el-conselh-generau-daran-posa-en-funcionament-un-dispositiu-demergencies-en-el-pas-del-tour-de-franca","status":"publish","type":"post","link":"https:\/\/www.conselharan.org\/ca\/el-conselh-generau-daran-posa-en-funcionament-un-dispositiu-demergencies-en-el-pas-del-tour-de-franca\/","title":{"rendered":"El Conselh Generau d\u2019Aran posa en funcionament un dispositiu d\u2019emerg\u00e8ncies en el pas del Tour de Fran\u00e7a"},"content":{"rendered":"<p><strong>El Conselh Generau d\u2019Aran fa servir tots els seus mitjans per rebre el pas de la 17 Etapa del Tour de Fran\u00e7a<\/strong><\/p>\n<p><strong>Se situaran diversos punts de recollida d&#8217;escombraries per tenir cura del medi ambient en el Port del Portilhon<\/strong><\/p>\n<p><strong>20 dels 23 equips del Tour de Fran\u00e7a pernoctaran a l\u2019Aran<\/strong><\/p>\n<p><strong>Est\u00e0 previst que la Val d\u2019Aran aculli aproximadament 1000 persones en els diferents allotjaments hotelers del territori<\/strong><\/p>\n<p><a href=\"http:\/\/www.conselharan.org\/wp-content\/uploads\/2014\/07\/ierles_portilhon.jpg\"><img loading=\"lazy\" decoding=\"async\" class=\"aligncenter size-full wp-image-4269\" alt=\"ierles_portilhon\" src=\"http:\/\/www.conselharan.org\/wp-content\/uploads\/2014\/07\/ierles_portilhon.jpg\" width=\"800\" height=\"600\" srcset=\"https:\/\/www.conselharan.org\/wp-content\/uploads\/2014\/07\/ierles_portilhon.jpg 800w, https:\/\/www.conselharan.org\/wp-content\/uploads\/2014\/07\/ierles_portilhon-300x225.jpg 300w\" sizes=\"(max-width: 800px) 100vw, 800px\" \/><\/a><\/p>\n<p>Des del Conselh Generau d\u2019Aran s\u2019ha muntat un dispositiu d\u2019emerg\u00e8ncies Sanit\u00e0ries al pas del Tour per terres araneses. A m\u00e9s, de la col\u2022laboraci\u00f3 entre les autoritats araneses, franceses, i de l&#8217;organitzaci\u00f3 del Tour.<\/p>\n<p>Al llarg del Port del Portilhon, s\u2019han disposat diversos punts de recollida selectiva i una bossa per les escombraries cada 100m per tal de cuidar el medi ambient.<\/p>\n<p><a href=\"http:\/\/www.conselharan.org\/wp-content\/uploads\/2014\/07\/ierles-portilhon1.jpg\"><img loading=\"lazy\" decoding=\"async\" class=\"aligncenter size-full wp-image-4267\" alt=\"ierles portilhon\" src=\"http:\/\/www.conselharan.org\/wp-content\/uploads\/2014\/07\/ierles-portilhon1.jpg\" width=\"800\" height=\"600\" srcset=\"https:\/\/www.conselharan.org\/wp-content\/uploads\/2014\/07\/ierles-portilhon1.jpg 800w, https:\/\/www.conselharan.org\/wp-content\/uploads\/2014\/07\/ierles-portilhon1-300x225.jpg 300w\" sizes=\"(max-width: 800px) 100vw, 800px\" \/><\/a><\/p>\n<p>\u00c9s previst que la Val d\u2019Aran aculli aproximadament 1000 persones en els diferents allotjaments hotelers del territori, 20 dels 23 equips participants en el Tour de Fran\u00e7a pernoctaran a Aran.<\/p>\n<p>En paraules del conselh\u00e8r de Territori, <strong>Eduardo Valdecantos, amb aquest tipus d\u2019esdeveniments demostrem que la Val d\u2019Aran pot acollir proves esportives d&#8217;alt nivell internacional. A nivell de gesti\u00f3 estem preparats per oferir les millors condicions organitzatives per afavorir l&#8217;espectacle esportiu als assistents a l&#8217;etapa.<\/strong><\/p>\n<p><strong>La Val d\u2019Aran \u00e9s un pa\u00eds que cada vegada aconsegueix m\u00e9s pres\u00e8ncia internacional no nom\u00e9s a nivell tur\u00edstic sin\u00f3 esportiu. En aquest sentit, l&#8217;experi\u00e8ncia d\u2019altres anys ens ajuda per situar-nos com una destinaci\u00f3 preparada per rebre futures competicions,<\/strong> ha afegit <strong>Valdecantos.<\/strong><\/p>\n<p>L&#8217;any 2013 la Val d\u2019Aran ja va ser escenari d\u2019una part de la 15 etapa de la Vuelta a Espanya, i en 2012 tamb\u00e9 va treure profit de dues etapes del Tour en el sud de Fran\u00e7a, ja que bona part dels equips i de l&#8217;organitzaci\u00f3 tamb\u00e9 es van allotjar als hotels aranesos.<\/p>\n ","protected":false},"excerpt":{"rendered":"<p>El Conselh Generau d\u2019Aran fa servir tots els seus mitjans per rebre el pas de la 17 Etapa del Tour de Fran\u00e7a Se situaran diversos punts de recollida d&#8217;escombraries per tenir cura del medi ambient en el Port del Portilhon 20 dels 23 equips del Tour de Fran\u00e7a pernoctaran a l\u2019Aran Est\u00e0 previst que la&#8230;<\/p>\n","protected":false},"author":2,"featured_media":4269,"comment_status":"closed","ping_status":"closed","sticky":false,"template":"","format":"standard","meta":{"footnotes":""},"categories":[31,33,36],"tags":[],"_links":{"self":[{"href":"https:\/\/www.conselharan.org\/ca\/wp-json\/wp\/v2\/posts\/4271"}],"collection":[{"href":"https:\/\/www.conselharan.org\/ca\/wp-json\/wp\/v2\/posts"}],"about":[{"href":"https:\/\/www.conselharan.org\/ca\/wp-json\/wp\/v2\/types\/post"}],"author":[{"embeddable":true,"href":"https:\/\/www.conselharan.org\/ca\/wp-json\/wp\/v2\/users\/2"}],"replies":[{"embeddable":true,"href":"https:\/\/www.conselharan.org\/ca\/wp-json\/wp\/v2\/comments?post=4271"}],"version-history":[{"count":1,"href":"https:\/\/www.conselharan.org\/ca\/wp-json\/wp\/v2\/posts\/4271\/revisions"}],"predecessor-version":[{"id":4272,"href":"https:\/\/www.conselharan.org\/ca\/wp-json\/wp\/v2\/posts\/4271\/revisions\/4272"}],"wp:featuredmedia":[{"embeddable":true,"href":"https:\/\/www.conselharan.org\/ca\/wp-json\/wp\/v2\/media\/4269"}],"wp:attachment":[{"href":"https:\/\/www.conselharan.org\/ca\/wp-json\/wp\/v2\/media?parent=4271"}],"wp:term":[{"taxonomy":"category","embeddable":true,"href":"https:\/\/www.conselharan.org\/ca\/wp-json\/wp\/v2\/categories?post=4271"},{"taxonomy":"post_tag","embeddable":true,"href":"https:\/\/www.conselharan.org\/ca\/wp-json\/wp\/v2\/tags?post=4271"}],"curies":[{"name":"wp","href":"https:\/\/api.w.org\/{rel}","templated":true}]}}