{"id":43498,"date":"2021-07-09T12:13:02","date_gmt":"2021-07-09T10:13:02","guid":{"rendered":"https:\/\/www.conselharan.org\/tres-casi-positius-per-covid-19-confirmadi\/"},"modified":"2021-07-09T12:16:01","modified_gmt":"2021-07-09T10:16:01","slug":"tres-casi-positius-per-covid-19-confirmadi","status":"publish","type":"post","link":"https:\/\/www.conselharan.org\/ca\/tres-casi-positius-per-covid-19-confirmadi\/","title":{"rendered":"Tres casos positius per COVID-19 confirmats"},"content":{"rendered":"<p><a href=\"https:\/\/www.conselharan.org\/wp-content\/uploads\/2021\/06\/Actualizacion-donades-COVID-1.png\"><img loading=\"lazy\" decoding=\"async\" class=\"aligncenter wp-image-43319 size-large\" src=\"https:\/\/www.conselharan.org\/wp-content\/uploads\/2021\/06\/Actualizacion-donades-COVID-1-1024x1024.png\" alt=\"\" width=\"1024\" height=\"1024\" srcset=\"https:\/\/www.conselharan.org\/wp-content\/uploads\/2021\/06\/Actualizacion-donades-COVID-1-1024x1024.png 1024w, https:\/\/www.conselharan.org\/wp-content\/uploads\/2021\/06\/Actualizacion-donades-COVID-1-300x300.png 300w, https:\/\/www.conselharan.org\/wp-content\/uploads\/2021\/06\/Actualizacion-donades-COVID-1-150x150.png 150w, https:\/\/www.conselharan.org\/wp-content\/uploads\/2021\/06\/Actualizacion-donades-COVID-1-768x768.png 768w, https:\/\/www.conselharan.org\/wp-content\/uploads\/2021\/06\/Actualizacion-donades-COVID-1-270x270.png 270w, https:\/\/www.conselharan.org\/wp-content\/uploads\/2021\/06\/Actualizacion-donades-COVID-1-207x207.png 207w, https:\/\/www.conselharan.org\/wp-content\/uploads\/2021\/06\/Actualizacion-donades-COVID-1-75x75.png 75w, https:\/\/www.conselharan.org\/wp-content\/uploads\/2021\/06\/Actualizacion-donades-COVID-1.png 1080w\" sizes=\"(max-width: 1024px) 100vw, 1024px\" \/><\/a><\/p>\n<ul>\n<li>\n<h3><strong>El Conselh Generau d\u2019Aran recorda que ja est\u00e0 oberta la vacunaci\u00f3 per a les persones majors de 16 anys, es pot demanar cita a trav\u00e9s d&#8217;aquesta web: <a href=\"https:\/\/vacunacovid.catsalut.gencat.cat\/\">https:\/\/vacunacovid.catsalut.gencat.cat\/<\/a><\/strong><\/h3>\n<\/li>\n<\/ul>\n<p>Actualment, no hi ha cap persona ingressada per COVID-19 a l\u2019Espitau Val d&#8217;Aran.<\/p>\n<p>El govern del Conselh Generau d\u2019Aran recorda la necessitat de seguir les mesures preventives establertes per les autoritats sanit\u00e0ries.<\/p>\n ","protected":false},"excerpt":{"rendered":"<p>El Conselh Generau d\u2019Aran recorda que ja est\u00e0 oberta la vacunaci\u00f3 per a les persones majors de 16 anys, es pot demanar cita a trav\u00e9s d&#8217;aquesta web: https:\/\/vacunacovid.catsalut.gencat.cat\/ Actualment, no hi ha cap persona ingressada per COVID-19 a l\u2019Espitau Val d&#8217;Aran. El govern del Conselh Generau d\u2019Aran recorda la necessitat de seguir les mesures preventives&#8230;<\/p>\n","protected":false},"author":10,"featured_media":43320,"comment_status":"closed","ping_status":"closed","sticky":false,"template":"","format":"standard","meta":{"footnotes":""},"categories":[33,805],"tags":[],"_links":{"self":[{"href":"https:\/\/www.conselharan.org\/ca\/wp-json\/wp\/v2\/posts\/43498"}],"collection":[{"href":"https:\/\/www.conselharan.org\/ca\/wp-json\/wp\/v2\/posts"}],"about":[{"href":"https:\/\/www.conselharan.org\/ca\/wp-json\/wp\/v2\/types\/post"}],"author":[{"embeddable":true,"href":"https:\/\/www.conselharan.org\/ca\/wp-json\/wp\/v2\/users\/10"}],"replies":[{"embeddable":true,"href":"https:\/\/www.conselharan.org\/ca\/wp-json\/wp\/v2\/comments?post=43498"}],"version-history":[{"count":1,"href":"https:\/\/www.conselharan.org\/ca\/wp-json\/wp\/v2\/posts\/43498\/revisions"}],"predecessor-version":[{"id":43499,"href":"https:\/\/www.conselharan.org\/ca\/wp-json\/wp\/v2\/posts\/43498\/revisions\/43499"}],"wp:featuredmedia":[{"embeddable":true,"href":"https:\/\/www.conselharan.org\/ca\/wp-json\/wp\/v2\/media\/43320"}],"wp:attachment":[{"href":"https:\/\/www.conselharan.org\/ca\/wp-json\/wp\/v2\/media?parent=43498"}],"wp:term":[{"taxonomy":"category","embeddable":true,"href":"https:\/\/www.conselharan.org\/ca\/wp-json\/wp\/v2\/categories?post=43498"},{"taxonomy":"post_tag","embeddable":true,"href":"https:\/\/www.conselharan.org\/ca\/wp-json\/wp\/v2\/tags?post=43498"}],"curies":[{"name":"wp","href":"https:\/\/api.w.org\/{rel}","templated":true}]}}