{"id":43610,"date":"2021-07-15T10:43:28","date_gmt":"2021-07-15T08:43:28","guid":{"rendered":"https:\/\/www.conselharan.org\/aue-comence-era-regulacion-ar-acces-naturau-enes-zones-de-mes-afluencia\/"},"modified":"2021-07-15T10:51:04","modified_gmt":"2021-07-15T08:51:04","slug":"aue-comence-era-regulacion-ar-acces-naturau-enes-zones-de-mes-afluencia","status":"publish","type":"post","link":"https:\/\/www.conselharan.org\/ca\/aue-comence-era-regulacion-ar-acces-naturau-enes-zones-de-mes-afluencia\/","title":{"rendered":"Avui comen\u00e7a la regulaci\u00f3 a l&#8217;acc\u00e9s natural en les zones de m\u00e9s aflu\u00e8ncia"},"content":{"rendered":"<p><a href=\"https:\/\/www.conselharan.org\/wp-content\/uploads\/2021\/07\/7u-xyOEg.jpeg\"><img loading=\"lazy\" decoding=\"async\" class=\"aligncenter wp-image-43596 size-large\" src=\"https:\/\/www.conselharan.org\/wp-content\/uploads\/2021\/07\/7u-xyOEg-1024x683.jpeg\" alt=\"\" width=\"1024\" height=\"683\" srcset=\"https:\/\/www.conselharan.org\/wp-content\/uploads\/2021\/07\/7u-xyOEg-1024x683.jpeg 1024w, https:\/\/www.conselharan.org\/wp-content\/uploads\/2021\/07\/7u-xyOEg-300x200.jpeg 300w, https:\/\/www.conselharan.org\/wp-content\/uploads\/2021\/07\/7u-xyOEg-768x512.jpeg 768w, https:\/\/www.conselharan.org\/wp-content\/uploads\/2021\/07\/7u-xyOEg-1536x1024.jpeg 1536w, https:\/\/www.conselharan.org\/wp-content\/uploads\/2021\/07\/7u-xyOEg.jpeg 2048w\" sizes=\"(max-width: 1024px) 100vw, 1024px\" \/><\/a><\/p>\n<ul>\n<li>\n<h3><strong>Es regula l&#8217;acc\u00e9s a Varrad\u00f2s, l&#8217;Artiga de Lin, Aiguam\u00f2g, Valarties, Bassa d\u2019Arres, Bassa d\u2019Oles i Bausen segons l&#8217;ocupaci\u00f3 i places lliures que hi hagi en els aparcaments d&#8217;aquests paratges per a evitar massificacions<\/strong><\/h3>\n<\/li>\n<li>\n<h3><strong>El Conselh Generau d\u2019Aran posa en marxa el pla pilot per a mostrar en temps real l&#8217;estat d&#8217;ocupaci\u00f3 dels principals espais naturals de la Val d&#8217;Aran, a trav\u00e9s de l&#8217;app tur\u00edstica GuidAran i de la plataforma digital AparcAran que, a m\u00e9s, permeten la reserva pr\u00e8via d&#8217;aparcament a l&#8217;Artiga de Lin i la zona de Colom\u00e8rs<\/strong><\/h3>\n<\/li>\n<\/ul>\n<p>El Conselh Generau d\u2019Aran posa en funcionament, a partir d&#8217;avui fins al dia 14 de setembre, les mesures de regulaci\u00f3 d&#8217;acc\u00e9s al medi natural en les zones amb m\u00e9s aflu\u00e8ncia durant l&#8217;estiu: Varrad\u00f2s, l&#8217;Artiga de Lin, Aiguam\u00f2g, Valarties, Bassa d\u2019Arres, Bassa d\u2019Oles i Bausen.<\/p>\n<p>\u201cHem implementat diverses mesures per a regular l&#8217;acc\u00e9s a les principals \u00e0rees d&#8217;inter\u00e8s natural a la Val d&#8217;Aran per a, d&#8217;una banda, garantir la seguretat dels usuaris i usu\u00e0ries d&#8217;aquestes pistes i millorar la seva experi\u00e8ncia i, per l&#8217;altra, preservar aquests paratges naturals i evitar la seva massificaci\u00f3\u201d, afirmava el vices\u00edndic i conseller d&#8217;Economia, Turisme i Promoci\u00f3 Econ\u00f2mica, Juan Antonio Serrano, que afegia que: \u201camb aquestes mesures volem tamb\u00e9 promocionar entre els nostres visitants altres zones menys conegudes com a alternativa als punts m\u00e9s emblem\u00e0tics i concorreguts durant aquests mesos\u201d.<\/p>\n<p>Per part seva, el tamb\u00e9 conseller d&#8217;Economia, Turisme i Promoci\u00f3 Econ\u00f2mica, Josep Canut, explicava que: \u201caquestes mesures es duran a terme a trav\u00e9s de diversos vigilants que se situaran en l&#8217;acc\u00e9s a aquests paratges i que regularan el pas segons l&#8217;ocupaci\u00f3 i places lliures que hi hagi en els p\u00e0rquings\u201d i afegia que: \u201chem posat en marxa tamb\u00e9 un pla pilot pel qual, a trav\u00e9s de la <strong><u><a href=\"https:\/\/www.aparcaran.conselharan.org\/\">plataforma web AparcAran<\/a><\/u><\/strong> i de la mateixa app tur\u00edstica <strong>GuidAran<\/strong>, facilitem informaci\u00f3 en temps real de l&#8217;estat de massificaci\u00f3 d&#8217;aquests set punts i permetem reservar aparcament a la Ribera d&#8217;Aiguam\u00f2g i a l&#8217;Artiga de Lin\u201d.<\/p>\n<p><a href=\"https:\/\/www.conselharan.org\/wp-content\/uploads\/2021\/07\/AparcAran2.png\"><img loading=\"lazy\" decoding=\"async\" class=\"aligncenter wp-image-43602 size-large\" src=\"https:\/\/www.conselharan.org\/wp-content\/uploads\/2021\/07\/AparcAran2-1024x512.png\" alt=\"\" width=\"1024\" height=\"512\" srcset=\"https:\/\/www.conselharan.org\/wp-content\/uploads\/2021\/07\/AparcAran2-1024x512.png 1024w, https:\/\/www.conselharan.org\/wp-content\/uploads\/2021\/07\/AparcAran2-300x150.png 300w, https:\/\/www.conselharan.org\/wp-content\/uploads\/2021\/07\/AparcAran2-768x384.png 768w, https:\/\/www.conselharan.org\/wp-content\/uploads\/2021\/07\/AparcAran2-1536x768.png 1536w, https:\/\/www.conselharan.org\/wp-content\/uploads\/2021\/07\/AparcAran2-640x320.png 640w, https:\/\/www.conselharan.org\/wp-content\/uploads\/2021\/07\/AparcAran2.png 1901w\" sizes=\"(max-width: 1024px) 100vw, 1024px\" \/><\/a><\/p>\n<p>Les dades obtingudes enguany serviran per a elaborar un pla de mobilitat de la Val d&#8217;Aran, que permetr\u00e0 establir les mesures oportunes en aquesta mat\u00e8ria durant els pr\u00f2xims anys.<\/p>\n<p>Aquesta \u00e9s una de les actuacions m\u00e9s importants desenvolupades enguany en el marc del Pla de Sostenibilitat Tur\u00edstica de la Val d&#8217;Aran, un pla a desenvolupar en 3 anys i que est\u00e0 dotat d&#8217;uns 2,5 milions d&#8217;euros per part de l&#8217;Estat.<\/p>\n<p><a href=\"https:\/\/www.conselharan.org\/wp-content\/uploads\/2021\/07\/AparcAran.png\"><img loading=\"lazy\" decoding=\"async\" class=\"aligncenter wp-image-43599 size-large\" src=\"https:\/\/www.conselharan.org\/wp-content\/uploads\/2021\/07\/AparcAran-1024x581.png\" alt=\"\" width=\"1024\" height=\"581\" srcset=\"https:\/\/www.conselharan.org\/wp-content\/uploads\/2021\/07\/AparcAran-1024x581.png 1024w, https:\/\/www.conselharan.org\/wp-content\/uploads\/2021\/07\/AparcAran-300x170.png 300w, https:\/\/www.conselharan.org\/wp-content\/uploads\/2021\/07\/AparcAran-768x436.png 768w, https:\/\/www.conselharan.org\/wp-content\/uploads\/2021\/07\/AparcAran.png 1372w\" sizes=\"(max-width: 1024px) 100vw, 1024px\" \/><\/a><\/p>\n ","protected":false},"excerpt":{"rendered":"<p>Es regula l&#8217;acc\u00e9s a Varrad\u00f2s, l&#8217;Artiga de Lin, Aiguam\u00f2g, Valarties, Bassa d\u2019Arres, Bassa d\u2019Oles i Bausen segons l&#8217;ocupaci\u00f3 i places lliures que hi hagi en els aparcaments d&#8217;aquests paratges per a evitar massificacions El Conselh Generau d\u2019Aran posa en marxa el pla pilot per a mostrar en temps real l&#8217;estat d&#8217;ocupaci\u00f3 dels principals espais naturals&#8230;<\/p>\n","protected":false},"author":10,"featured_media":43600,"comment_status":"closed","ping_status":"closed","sticky":false,"template":"","format":"standard","meta":{"footnotes":""},"categories":[53,127,139],"tags":[],"_links":{"self":[{"href":"https:\/\/www.conselharan.org\/ca\/wp-json\/wp\/v2\/posts\/43610"}],"collection":[{"href":"https:\/\/www.conselharan.org\/ca\/wp-json\/wp\/v2\/posts"}],"about":[{"href":"https:\/\/www.conselharan.org\/ca\/wp-json\/wp\/v2\/types\/post"}],"author":[{"embeddable":true,"href":"https:\/\/www.conselharan.org\/ca\/wp-json\/wp\/v2\/users\/10"}],"replies":[{"embeddable":true,"href":"https:\/\/www.conselharan.org\/ca\/wp-json\/wp\/v2\/comments?post=43610"}],"version-history":[{"count":1,"href":"https:\/\/www.conselharan.org\/ca\/wp-json\/wp\/v2\/posts\/43610\/revisions"}],"predecessor-version":[{"id":43611,"href":"https:\/\/www.conselharan.org\/ca\/wp-json\/wp\/v2\/posts\/43610\/revisions\/43611"}],"wp:featuredmedia":[{"embeddable":true,"href":"https:\/\/www.conselharan.org\/ca\/wp-json\/wp\/v2\/media\/43600"}],"wp:attachment":[{"href":"https:\/\/www.conselharan.org\/ca\/wp-json\/wp\/v2\/media?parent=43610"}],"wp:term":[{"taxonomy":"category","embeddable":true,"href":"https:\/\/www.conselharan.org\/ca\/wp-json\/wp\/v2\/categories?post=43610"},{"taxonomy":"post_tag","embeddable":true,"href":"https:\/\/www.conselharan.org\/ca\/wp-json\/wp\/v2\/tags?post=43610"}],"curies":[{"name":"wp","href":"https:\/\/api.w.org\/{rel}","templated":true}]}}