{"id":43653,"date":"2021-07-16T14:34:38","date_gmt":"2021-07-16T12:34:38","guid":{"rendered":"https:\/\/www.conselharan.org\/eth-conselh-generau-daran-mostre-eth-son-suport-ara-candidatura-olimpica-pireneus-barcelona-2030\/"},"modified":"2021-07-16T14:37:00","modified_gmt":"2021-07-16T12:37:00","slug":"eth-conselh-generau-daran-mostre-eth-son-suport-ara-candidatura-olimpica-pireneus-barcelona-2030","status":"publish","type":"post","link":"https:\/\/www.conselharan.org\/ca\/eth-conselh-generau-daran-mostre-eth-son-suport-ara-candidatura-olimpica-pireneus-barcelona-2030\/","title":{"rendered":"El Conselh Generau d\u2019Aran mostra el seu suport a la candidatura ol\u00edmpica Pirineus-Barcelona 2030"},"content":{"rendered":"<p><a href=\"https:\/\/www.conselharan.org\/wp-content\/uploads\/2021\/07\/E6Wniz_XsAMVNfF.jpg\"><img loading=\"lazy\" decoding=\"async\" class=\"aligncenter wp-image-43645 size-large\" src=\"https:\/\/www.conselharan.org\/wp-content\/uploads\/2021\/07\/E6Wniz_XsAMVNfF-1024x682.jpg\" alt=\"\" width=\"1024\" height=\"682\" srcset=\"https:\/\/www.conselharan.org\/wp-content\/uploads\/2021\/07\/E6Wniz_XsAMVNfF-1024x682.jpg 1024w, https:\/\/www.conselharan.org\/wp-content\/uploads\/2021\/07\/E6Wniz_XsAMVNfF-300x200.jpg 300w, https:\/\/www.conselharan.org\/wp-content\/uploads\/2021\/07\/E6Wniz_XsAMVNfF-768x512.jpg 768w, https:\/\/www.conselharan.org\/wp-content\/uploads\/2021\/07\/E6Wniz_XsAMVNfF.jpg 1280w\" sizes=\"(max-width: 1024px) 100vw, 1024px\" \/><\/a><\/p>\n<ul>\n<li>\n<h3><strong>Despr\u00e9s que el CEO hagi manifestat l&#8217;inter\u00e8s en organitzar aquesta candidatura, que compta amb el vist i plau del president del Govern Espanyol, del president de la Generalitat i del president d&#8217;Arag\u00f3, la s\u00edndica d&#8217;Aran ha manifestat el seu suport a aquests jocs ol\u00edmpics, que podrien ser una gran oportunitat per a la Val d&#8217;Aran<\/strong><\/h3>\n<\/li>\n<li>\n<h3><strong>El govern d&#8217;Aran espera poder disposar en les pr\u00f2ximes setmanes d&#8217;informaci\u00f3 respecte a aquesta candidatura i aix\u00ed ho sol\u00b7licitar\u00e0 a la Generalitat de Catalunya<\/strong><\/h3>\n<\/li>\n<\/ul>\n<p>El president del Comit\u00e8 Ol\u00edmpic Espanyol, Alejandro Blanco, ha enviat una carta al president del Comit\u00e8 Ol\u00edmpic Internacional expressant l&#8217;inter\u00e8s a organitzar en 2030 els Jocs Ol\u00edmpics d&#8217;Hivern Pirineus-Barcelona. En aquesta missiva s&#8217;han adjuntat les corresponents cartes de suport del president de l&#8217;Estat, Pedro S\u00e1nchez, el president de la Generalitat de Catalunya, Pere Aragon\u00e8s, i el president del Govern d&#8217;Arag\u00f3, Javier Lamb\u00e1n.<\/p>\n<p>Durant el ple del Conselh Generau d\u2019Aran celebrat aquest mat\u00ed, la s\u00edndica d&#8217;Aran, Maria Verg\u00e9s, ha mostrat el suport del Conselh Generau d\u2019Aran a aquesta iniciativa manifestant que \u201cdes del govern d&#8217;Aran estem conven\u00e7uts que la celebraci\u00f3 d&#8217;aquests jocs ol\u00edmpics al Pirineu \u00e9s una gran oportunitat i que, de celebrar-se, tindrien un impacte molt positiu en el nostre territori\u201d afegint que: \u201cel plantejament d&#8217;aquests jocs \u00e9s dur-los a terme de manera sostenible i respectuosa amb el territori, sense crear noves infraestructures sin\u00f3 millorar les ja existents\u201d. A m\u00e9s, Verg\u00e9s manifestava que: \u201cun esdeveniment d&#8217;aquest nivell facilitaria i agilitaria aconseguir millores importants en les nostres comunicacions, tant a nivell de mobilitat com tecnol\u00f2gic\u201d.<\/p>\n<p>En aquest sentit, la s\u00edndica d&#8217;Aran assegura que el Conselh Generau d\u2019Aran no ha rebut encara informaci\u00f3 oficial, per\u00f2 que \u00e9s un assumpte que ja va tractar amb el President de la Generalitat durant la seva visita a Aran el mes de juny, i que espera tenir en breu informaci\u00f3 actualitzada.<\/p>\n ","protected":false},"excerpt":{"rendered":"<p>Despr\u00e9s que el CEO hagi manifestat l&#8217;inter\u00e8s en organitzar aquesta candidatura, que compta amb el vist i plau del president del Govern Espanyol, del president de la Generalitat i del president d&#8217;Arag\u00f3, la s\u00edndica d&#8217;Aran ha manifestat el seu suport a aquests jocs ol\u00edmpics, que podrien ser una gran oportunitat per a la Val d&#8217;Aran&#8230;<\/p>\n","protected":false},"author":10,"featured_media":43646,"comment_status":"closed","ping_status":"closed","sticky":false,"template":"","format":"standard","meta":{"footnotes":""},"categories":[136,53],"tags":[],"_links":{"self":[{"href":"https:\/\/www.conselharan.org\/ca\/wp-json\/wp\/v2\/posts\/43653"}],"collection":[{"href":"https:\/\/www.conselharan.org\/ca\/wp-json\/wp\/v2\/posts"}],"about":[{"href":"https:\/\/www.conselharan.org\/ca\/wp-json\/wp\/v2\/types\/post"}],"author":[{"embeddable":true,"href":"https:\/\/www.conselharan.org\/ca\/wp-json\/wp\/v2\/users\/10"}],"replies":[{"embeddable":true,"href":"https:\/\/www.conselharan.org\/ca\/wp-json\/wp\/v2\/comments?post=43653"}],"version-history":[{"count":1,"href":"https:\/\/www.conselharan.org\/ca\/wp-json\/wp\/v2\/posts\/43653\/revisions"}],"predecessor-version":[{"id":43654,"href":"https:\/\/www.conselharan.org\/ca\/wp-json\/wp\/v2\/posts\/43653\/revisions\/43654"}],"wp:featuredmedia":[{"embeddable":true,"href":"https:\/\/www.conselharan.org\/ca\/wp-json\/wp\/v2\/media\/43646"}],"wp:attachment":[{"href":"https:\/\/www.conselharan.org\/ca\/wp-json\/wp\/v2\/media?parent=43653"}],"wp:term":[{"taxonomy":"category","embeddable":true,"href":"https:\/\/www.conselharan.org\/ca\/wp-json\/wp\/v2\/categories?post=43653"},{"taxonomy":"post_tag","embeddable":true,"href":"https:\/\/www.conselharan.org\/ca\/wp-json\/wp\/v2\/tags?post=43653"}],"curies":[{"name":"wp","href":"https:\/\/api.w.org\/{rel}","templated":true}]}}