{"id":43680,"date":"2021-07-17T10:07:41","date_gmt":"2021-07-17T08:07:41","guid":{"rendered":"https:\/\/www.conselharan.org\/eth-conselh-generau-daran-saderis-ara-associacion-deth-movement-pais-rurau\/"},"modified":"2021-07-19T11:02:11","modified_gmt":"2021-07-19T09:02:11","slug":"eth-conselh-generau-daran-saderis-ara-associacion-deth-movement-pais-rurau","status":"publish","type":"post","link":"https:\/\/www.conselharan.org\/ca\/eth-conselh-generau-daran-saderis-ara-associacion-deth-movement-pais-rurau\/","title":{"rendered":"El Conselh Generau d\u2019Aran s&#8217;adhereix a l&#8217;associaci\u00f3 del Moviment Pa\u00eds Rural"},"content":{"rendered":"<p><a href=\"https:\/\/www.conselharan.org\/wp-content\/uploads\/2021\/07\/WhatsApp-Image-2021-07-16-at-13.56.08.jpeg\"><img loading=\"lazy\" decoding=\"async\" class=\"aligncenter wp-image-43671 size-large\" src=\"https:\/\/www.conselharan.org\/wp-content\/uploads\/2021\/07\/WhatsApp-Image-2021-07-16-at-13.56.08-1024x768.jpeg\" alt=\"\" width=\"1024\" height=\"768\" srcset=\"https:\/\/www.conselharan.org\/wp-content\/uploads\/2021\/07\/WhatsApp-Image-2021-07-16-at-13.56.08-1024x768.jpeg 1024w, https:\/\/www.conselharan.org\/wp-content\/uploads\/2021\/07\/WhatsApp-Image-2021-07-16-at-13.56.08-300x225.jpeg 300w, https:\/\/www.conselharan.org\/wp-content\/uploads\/2021\/07\/WhatsApp-Image-2021-07-16-at-13.56.08-768x576.jpeg 768w, https:\/\/www.conselharan.org\/wp-content\/uploads\/2021\/07\/WhatsApp-Image-2021-07-16-at-13.56.08-1536x1152.jpeg 1536w, https:\/\/www.conselharan.org\/wp-content\/uploads\/2021\/07\/WhatsApp-Image-2021-07-16-at-13.56.08.jpeg 2048w\" sizes=\"(max-width: 1024px) 100vw, 1024px\" \/><\/a><\/p>\n<ul>\n<li>\n<h3><strong>Aquest moviment, integrat per persones, organitzacions i institucions del m\u00f3n rural de Catalunya, t\u00e9 com a objectiu formar part activa de les decisions que afecten aquestes zones, combatre el desequilibri territorial i el despoblament i treballar pel desenvolupament sostenible dels territoris rurals<\/strong><\/h3>\n<\/li>\n<\/ul>\n<p>El Ple del Conselh Generau d\u2019Aran, en sessi\u00f3 ordin\u00e0ria, va aprovar ahir, amb els vots a favor d&#8217;UA i l&#8217;abstenci\u00f3 de CA, l&#8217;adhesi\u00f3 del govern aran\u00e8s a l&#8217;associaci\u00f3 del Moviment Pa\u00eds Rural, una associaci\u00f3 que t\u00e9 com a objectius donar veu i representaci\u00f3 a persones, entitats, municipis o institucions implantades o relacionades amb l&#8217;\u00e0mbit rural de Catalunya, defensar, millorar i potenciar les activitats rurals, donar suport a aquests territoris i protegir i preservar el medi natural, entre altres.<\/p>\n<p>En aquest sentit, la s\u00edndica d&#8217;Aran afirmava que \u201cdes del Conselh Generau d\u2019Aran estem compromesos amb les iniciatives que lluiten per aconseguir un m\u00f3n rural millor, amb m\u00e9s oportunitats i que busquen un futur sostenible i innovador\u201d.<\/p>\n<p>Per a aconseguir els seus objectius, Pa\u00eds Rural, elaborar\u00e0 proposta, normatives i legislatives, a les administracions competents, realitzar\u00e0 activitats de desenvolupament del m\u00f3n rural, i tamb\u00e9 de suport, organitzaci\u00f3 i execuci\u00f3 enfront d&#8217;actuacions p\u00fabliques o privades que puguin afectar el medi rural, dur\u00e0 a terme tamb\u00e9 campanyes de divulgaci\u00f3 i accions formatives, divulgatives, socials i culturals.<\/p>\n ","protected":false},"excerpt":{"rendered":"<p>Aquest moviment, integrat per persones, organitzacions i institucions del m\u00f3n rural de Catalunya, t\u00e9 com a objectiu formar part activa de les decisions que afecten aquestes zones, combatre el desequilibri territorial i el despoblament i treballar pel desenvolupament sostenible dels territoris rurals El Ple del Conselh Generau d\u2019Aran, en sessi\u00f3 ordin\u00e0ria, va aprovar ahir, amb&#8230;<\/p>\n","protected":false},"author":10,"featured_media":43672,"comment_status":"closed","ping_status":"closed","sticky":false,"template":"","format":"standard","meta":{"footnotes":""},"categories":[53],"tags":[],"_links":{"self":[{"href":"https:\/\/www.conselharan.org\/ca\/wp-json\/wp\/v2\/posts\/43680"}],"collection":[{"href":"https:\/\/www.conselharan.org\/ca\/wp-json\/wp\/v2\/posts"}],"about":[{"href":"https:\/\/www.conselharan.org\/ca\/wp-json\/wp\/v2\/types\/post"}],"author":[{"embeddable":true,"href":"https:\/\/www.conselharan.org\/ca\/wp-json\/wp\/v2\/users\/10"}],"replies":[{"embeddable":true,"href":"https:\/\/www.conselharan.org\/ca\/wp-json\/wp\/v2\/comments?post=43680"}],"version-history":[{"count":1,"href":"https:\/\/www.conselharan.org\/ca\/wp-json\/wp\/v2\/posts\/43680\/revisions"}],"predecessor-version":[{"id":43681,"href":"https:\/\/www.conselharan.org\/ca\/wp-json\/wp\/v2\/posts\/43680\/revisions\/43681"}],"wp:featuredmedia":[{"embeddable":true,"href":"https:\/\/www.conselharan.org\/ca\/wp-json\/wp\/v2\/media\/43672"}],"wp:attachment":[{"href":"https:\/\/www.conselharan.org\/ca\/wp-json\/wp\/v2\/media?parent=43680"}],"wp:term":[{"taxonomy":"category","embeddable":true,"href":"https:\/\/www.conselharan.org\/ca\/wp-json\/wp\/v2\/categories?post=43680"},{"taxonomy":"post_tag","embeddable":true,"href":"https:\/\/www.conselharan.org\/ca\/wp-json\/wp\/v2\/tags?post=43680"}],"curies":[{"name":"wp","href":"https:\/\/api.w.org\/{rel}","templated":true}]}}