{"id":43709,"date":"2021-07-20T10:12:42","date_gmt":"2021-07-20T08:12:42","guid":{"rendered":"https:\/\/www.conselharan.org\/detectadi-7-casi-positius-per-covid-19-2\/"},"modified":"2021-07-20T10:28:21","modified_gmt":"2021-07-20T08:28:21","slug":"detectadi-7-casi-positius-per-covid-19-2","status":"publish","type":"post","link":"https:\/\/www.conselharan.org\/ca\/detectadi-7-casi-positius-per-covid-19-2\/","title":{"rendered":"Detectats 7 casos positius per COVID-19"},"content":{"rendered":"<p><a href=\"https:\/\/www.conselharan.org\/wp-content\/uploads\/2021\/07\/Actualizacion-donades-COVID.png\"><img loading=\"lazy\" decoding=\"async\" class=\"aligncenter wp-image-43550 size-large\" src=\"https:\/\/www.conselharan.org\/wp-content\/uploads\/2021\/07\/Actualizacion-donades-COVID-1024x1024.png\" alt=\"\" width=\"1024\" height=\"1024\" srcset=\"https:\/\/www.conselharan.org\/wp-content\/uploads\/2021\/07\/Actualizacion-donades-COVID-1024x1024.png 1024w, https:\/\/www.conselharan.org\/wp-content\/uploads\/2021\/07\/Actualizacion-donades-COVID-300x300.png 300w, https:\/\/www.conselharan.org\/wp-content\/uploads\/2021\/07\/Actualizacion-donades-COVID-150x150.png 150w, https:\/\/www.conselharan.org\/wp-content\/uploads\/2021\/07\/Actualizacion-donades-COVID-768x768.png 768w, https:\/\/www.conselharan.org\/wp-content\/uploads\/2021\/07\/Actualizacion-donades-COVID-270x270.png 270w, https:\/\/www.conselharan.org\/wp-content\/uploads\/2021\/07\/Actualizacion-donades-COVID-207x207.png 207w, https:\/\/www.conselharan.org\/wp-content\/uploads\/2021\/07\/Actualizacion-donades-COVID-75x75.png 75w, https:\/\/www.conselharan.org\/wp-content\/uploads\/2021\/07\/Actualizacion-donades-COVID.png 1080w\" sizes=\"(max-width: 1024px) 100vw, 1024px\" \/><\/a><\/p>\n<ul>\n<li>\n<h3><strong>El Conselh Generau d\u2019Aran insisteix en la necessitat de vacunar-se i recorda que ja est\u00e0 oberta la vacunaci\u00f3 per a les persones majors de 16 anys, es pot demanar cita a trav\u00e9s d&#8217;aquesta web: <a href=\"https:\/\/vacunacovid.catsalut.gencat.cat\/\">https:\/\/vacunacovid.catsalut.gencat.cat\/<\/a><\/strong><\/h3>\n<\/li>\n<\/ul>\n<p>Actualment, no hi ha cap persona ingressada per COVID-19 a la Espitau Val\u00a0d\u2019Aran.<\/p>\n<p>El govern del Conselh Generau d\u2019Aran recorda la necessitat de seguir les mesures preventives establertes per les autoritats sanit\u00e0ries.<\/p>\n ","protected":false},"excerpt":{"rendered":"<p>El Conselh Generau d\u2019Aran insisteix en la necessitat de vacunar-se i recorda que ja est\u00e0 oberta la vacunaci\u00f3 per a les persones majors de 16 anys, es pot demanar cita a trav\u00e9s d&#8217;aquesta web: https:\/\/vacunacovid.catsalut.gencat.cat\/ Actualment, no hi ha cap persona ingressada per COVID-19 a la Espitau Val\u00a0d\u2019Aran. El govern del Conselh Generau d\u2019Aran recorda&#8230;<\/p>\n","protected":false},"author":10,"featured_media":43551,"comment_status":"closed","ping_status":"closed","sticky":false,"template":"","format":"standard","meta":{"footnotes":""},"categories":[33,805],"tags":[],"_links":{"self":[{"href":"https:\/\/www.conselharan.org\/ca\/wp-json\/wp\/v2\/posts\/43709"}],"collection":[{"href":"https:\/\/www.conselharan.org\/ca\/wp-json\/wp\/v2\/posts"}],"about":[{"href":"https:\/\/www.conselharan.org\/ca\/wp-json\/wp\/v2\/types\/post"}],"author":[{"embeddable":true,"href":"https:\/\/www.conselharan.org\/ca\/wp-json\/wp\/v2\/users\/10"}],"replies":[{"embeddable":true,"href":"https:\/\/www.conselharan.org\/ca\/wp-json\/wp\/v2\/comments?post=43709"}],"version-history":[{"count":1,"href":"https:\/\/www.conselharan.org\/ca\/wp-json\/wp\/v2\/posts\/43709\/revisions"}],"predecessor-version":[{"id":43710,"href":"https:\/\/www.conselharan.org\/ca\/wp-json\/wp\/v2\/posts\/43709\/revisions\/43710"}],"wp:featuredmedia":[{"embeddable":true,"href":"https:\/\/www.conselharan.org\/ca\/wp-json\/wp\/v2\/media\/43551"}],"wp:attachment":[{"href":"https:\/\/www.conselharan.org\/ca\/wp-json\/wp\/v2\/media?parent=43709"}],"wp:term":[{"taxonomy":"category","embeddable":true,"href":"https:\/\/www.conselharan.org\/ca\/wp-json\/wp\/v2\/categories?post=43709"},{"taxonomy":"post_tag","embeddable":true,"href":"https:\/\/www.conselharan.org\/ca\/wp-json\/wp\/v2\/tags?post=43709"}],"curies":[{"name":"wp","href":"https:\/\/api.w.org\/{rel}","templated":true}]}}