{"id":4376,"date":"2014-08-01T14:15:09","date_gmt":"2014-08-01T12:15:09","guid":{"rendered":"http:\/\/www.conselharan.org\/?p=4376"},"modified":"2014-08-01T14:15:59","modified_gmt":"2014-08-01T12:15:59","slug":"el-conselh-millora-la-carretera-dacces-a-arro","status":"publish","type":"post","link":"https:\/\/www.conselharan.org\/ca\/el-conselh-millora-la-carretera-dacces-a-arro\/","title":{"rendered":"El Conselh millora la carretera d\u2019acc\u00e9s a Arr\u00f3"},"content":{"rendered":"<p><a href=\"http:\/\/www.conselharan.org\/wp-content\/uploads\/2014\/08\/Foto-Carretera-Arro.jpeg\"><img loading=\"lazy\" decoding=\"async\" class=\"aligncenter size-large wp-image-4374\" alt=\"Foto Carretera Arro\" src=\"http:\/\/www.conselharan.org\/wp-content\/uploads\/2014\/08\/Foto-Carretera-Arro-1024x606.jpeg\" width=\"1024\" height=\"606\" srcset=\"https:\/\/www.conselharan.org\/wp-content\/uploads\/2014\/08\/Foto-Carretera-Arro-1024x606.jpeg 1024w, https:\/\/www.conselharan.org\/wp-content\/uploads\/2014\/08\/Foto-Carretera-Arro-300x177.jpeg 300w\" sizes=\"(max-width: 1024px) 100vw, 1024px\" \/><\/a><\/p>\n<p>El Conselh Generau d\u2019Aran ha destinat prop 5.000 euros per adequar i condicionar la carretera del ter\u00e7on de Lairissa, que afecta a l&#8217;acc\u00e9s d\u2019Arr\u00f3.<\/p>\n<p>Amb aquesta actuaci\u00f3, el Govern aran\u00e8s ha millorat el drenatge, ha consolidat l\u2019esplanada i l\u2019eixamplament, ha estabilitzat els talussos, ha refor\u00e7at el paviment i l\u2019ha reconstru\u00eft, garantint aix\u00ed la seguretat vial de la carretera local. S\u2019ha respectat el tra\u00e7at actual de la carretera, per\u00f2 s\u2019ha millorat la visibilitat dels trams m\u00e9s perillosos.<\/p>\n<p>En paraules del conselh\u00e8r de Governaci\u00f3 d\u2019Aran i de Lairissa, <strong>Frances Medan, \u201caquesta actuaci\u00f3 ha donat una soluci\u00f3 al tram m\u00e9s complicat de l&#8217;entrada de la carretera d\u2019Arr\u00f3, i permetr\u00e0 que els ve\u00efns, millorin de forma substancial la seva seguretat en els seus trajectes diaris\u201d.<\/strong><\/p>\n ","protected":false},"excerpt":{"rendered":"<p>El Conselh Generau d\u2019Aran ha destinat prop 5.000 euros per adequar i condicionar la carretera del ter\u00e7on de Lairissa, que afecta a l&#8217;acc\u00e9s d\u2019Arr\u00f3. Amb aquesta actuaci\u00f3, el Govern aran\u00e8s ha millorat el drenatge, ha consolidat l\u2019esplanada i l\u2019eixamplament, ha estabilitzat els talussos, ha refor\u00e7at el paviment i l\u2019ha reconstru\u00eft, garantint aix\u00ed la seguretat vial&#8230;<\/p>\n","protected":false},"author":2,"featured_media":4374,"comment_status":"closed","ping_status":"closed","sticky":false,"template":"","format":"standard","meta":{"footnotes":""},"categories":[31,127,33,36],"tags":[],"_links":{"self":[{"href":"https:\/\/www.conselharan.org\/ca\/wp-json\/wp\/v2\/posts\/4376"}],"collection":[{"href":"https:\/\/www.conselharan.org\/ca\/wp-json\/wp\/v2\/posts"}],"about":[{"href":"https:\/\/www.conselharan.org\/ca\/wp-json\/wp\/v2\/types\/post"}],"author":[{"embeddable":true,"href":"https:\/\/www.conselharan.org\/ca\/wp-json\/wp\/v2\/users\/2"}],"replies":[{"embeddable":true,"href":"https:\/\/www.conselharan.org\/ca\/wp-json\/wp\/v2\/comments?post=4376"}],"version-history":[{"count":1,"href":"https:\/\/www.conselharan.org\/ca\/wp-json\/wp\/v2\/posts\/4376\/revisions"}],"predecessor-version":[{"id":4377,"href":"https:\/\/www.conselharan.org\/ca\/wp-json\/wp\/v2\/posts\/4376\/revisions\/4377"}],"wp:featuredmedia":[{"embeddable":true,"href":"https:\/\/www.conselharan.org\/ca\/wp-json\/wp\/v2\/media\/4374"}],"wp:attachment":[{"href":"https:\/\/www.conselharan.org\/ca\/wp-json\/wp\/v2\/media?parent=4376"}],"wp:term":[{"taxonomy":"category","embeddable":true,"href":"https:\/\/www.conselharan.org\/ca\/wp-json\/wp\/v2\/categories?post=4376"},{"taxonomy":"post_tag","embeddable":true,"href":"https:\/\/www.conselharan.org\/ca\/wp-json\/wp\/v2\/tags?post=4376"}],"curies":[{"name":"wp","href":"https:\/\/api.w.org\/{rel}","templated":true}]}}