{"id":4383,"date":"2014-08-02T08:00:22","date_gmt":"2014-08-02T06:00:22","guid":{"rendered":"http:\/\/www.conselharan.org\/?p=4383"},"modified":"2014-08-01T16:58:06","modified_gmt":"2014-08-01T14:58:06","slug":"telefonica-aporta-200-000e-a-la-val-daran-amb-la-finalitat-de-millorar-les-seves-prestacions","status":"publish","type":"post","link":"https:\/\/www.conselharan.org\/ca\/telefonica-aporta-200-000e-a-la-val-daran-amb-la-finalitat-de-millorar-les-seves-prestacions\/","title":{"rendered":"Telef\u00f3nica aporta 200.000\u20ac a la Val d\u2019Aran amb la finalitat de millorar les seves prestacions"},"content":{"rendered":"<p><a href=\"http:\/\/www.conselharan.org\/wp-content\/uploads\/2014\/08\/Telefonica.jpg\"><img loading=\"lazy\" decoding=\"async\" class=\"aligncenter size-full wp-image-4381\" alt=\"Telefonica\" src=\"http:\/\/www.conselharan.org\/wp-content\/uploads\/2014\/08\/Telefonica.jpg\" width=\"650\" height=\"365\" srcset=\"https:\/\/www.conselharan.org\/wp-content\/uploads\/2014\/08\/Telefonica.jpg 650w, https:\/\/www.conselharan.org\/wp-content\/uploads\/2014\/08\/Telefonica-300x168.jpg 300w\" sizes=\"(max-width: 650px) 100vw, 650px\" \/><\/a><\/p>\n<p>El sindic d\u2019Aran, <strong>Carlos Barrera<\/strong>, i els representants de Telef\u00f3nica, <strong>Ramiro S\u00e1nchez de Ler\u00edn<\/strong> i <strong>Joaqu\u00edn Faura,<\/strong> han signat un conveni per establir les condicions que regiran la col\u2022laboraci\u00f3 de TELEF\u00d3NICA destinada a les finalitats que t\u00e9 previst realitzar el Govern del Conselh Generau d\u2019Aran.<\/p>\n<p>El Conselh Generau d\u2019Aran t\u00e9 inter\u00e8s en l&#8217;elaboraci\u00f3 i implementaci\u00f3 d&#8217;un pla tecnol\u00f2gic amb l&#8217;objectiu de promoure el desenvolupament sostenible del teixit empresarial de la Val d\u2019Aran, buscant l&#8217;equilibri econ\u00f2mic entre les seves diferents zones (Naut Aran, Mijaran i Baish Aran) aprofitant la potencialitat de projectes i sectors estrat\u00e8gics com els orientats a la salut, l\u2019agroalimentari, l&#8217;energia i, en definitiva, el medi ambient a trav\u00e9s d&#8217;energies renovables, les TIC o altres sectors que puguin sorgir i desenvolupar-se en el futur, impulsant la competitivitat local, i estimulant la cooperaci\u00f3 interadministrativa en un entorn global mitjan\u00e7ant el foment de la innovaci\u00f3 i les activitats de I+D+i i la seva implementaci\u00f3 en empreses sense experi\u00e8ncia pr\u00e8via, per\u00f2 tamb\u00e9 propiciar una I+D+i m\u00e9s de major intensitat entre els actors experimentats del territori, a trav\u00e9s d&#8217;un major foment de la cooperaci\u00f3 entre els diversos agents, tant en l&#8217;\u00e0mbit local, com supralocal i amb la integraci\u00f3 d&#8217;un sistema p\u00fablic-privat.<\/p>\n<p>Tot aix\u00f2 en el marc de promoure i exigir per part de les empreses col\u2022laboradores una contribuci\u00f3 activa i volunt\u00e0ria a la millora social, econ\u00f2mica i ambiental, amb l&#8217;objectiu de millorar la situaci\u00f3 competitiva i valorativa i el seu valor afegit.<\/p>\n<p>TELEF\u00d3NICA, S.A. i TELEF\u00d2NICA D&#8217;ESPANYA, S.A.U. col\u2022laborar\u00e0 amb el Conselh Generau d\u2019Aran mitjan\u00e7ant la inversi\u00f3 en infraestructures i accions d&#8217;operacions en la Val d\u2019Aran: instal\u2022laci\u00f3 de 4 nodes LTE (Baqueira CT, Baqueira contenidor, Beret EB i Salard\u00fa) per un import conjunt equivalent a <strong>110.000\u20ac.<\/strong><\/p>\n<p>Tamb\u00e9 invertir\u00e0 en infraestructures a fi de millorar les prestacions de la xarxa m\u00f2bil en el tram Vielha- Boss\u00f2st- Les, per a aix\u00f2 es connectaran les estacions base de Vilam\u00f2s i Montcorbau a la xarxa a trav\u00e9s de fibra \u00f2ptica, per un import equivalent a<strong> 40.000\u20ac.<\/strong><\/p>\n<p>A m\u00e9s, TELEF\u00d3NICA, S. A., realitzar\u00e0 una aportaci\u00f3 econ\u00f2mica en favor del Conselh Generau d\u2019Aran per import de <strong>50.000 euros,<\/strong> destinada a la millora dels refugis de muntanya de la Val d\u2019Aran, aix\u00ed com dels seus sistemes de comunicacions per prevenir qualsevol incid\u00e8ncia.<\/p>\n<p>En paraules del sindic d&#8217;Aran, <strong>Carlos Barrera, \u201cel Conselh Generau espera que amb aquestes inversions es materialitzi una millora en les infraestructures per evitar els talls de servei i garantir l&#8217;excel\u2022l\u00e8ncia tant per als ve\u00efns de la Val d\u2019Aran com per al funcionament de les empreses i comer\u00e7os\u201d.<\/strong><\/p>\n<p>El conselh\u00e8r d&#8217;Administraci\u00f3 P\u00fablica, Finances i Coneixement d&#8217;Aran, <strong>Lu\u00eds Carlos Medina<\/strong>, ha afegit <strong>\u201cla signatura d&#8217;aquest conveni patentitza la voluntat de la companyia Telef\u00f2nica d&#8217;invertir i millorar en les seves infraestructures als territoris de muntanya. Esperem que tingui un efecte immediat\u201d.<\/strong><\/p>\n ","protected":false},"excerpt":{"rendered":"<p>El sindic d\u2019Aran, Carlos Barrera, i els representants de Telef\u00f3nica, Ramiro S\u00e1nchez de Ler\u00edn i Joaqu\u00edn Faura, han signat un conveni per establir les condicions que regiran la col\u2022laboraci\u00f3 de TELEF\u00d3NICA destinada a les finalitats que t\u00e9 previst realitzar el Govern del Conselh Generau d\u2019Aran. El Conselh Generau d\u2019Aran t\u00e9 inter\u00e8s en l&#8217;elaboraci\u00f3 i implementaci\u00f3&#8230;<\/p>\n","protected":false},"author":2,"featured_media":4381,"comment_status":"closed","ping_status":"closed","sticky":false,"template":"","format":"standard","meta":{"footnotes":""},"categories":[31,53,33,36],"tags":[],"_links":{"self":[{"href":"https:\/\/www.conselharan.org\/ca\/wp-json\/wp\/v2\/posts\/4383"}],"collection":[{"href":"https:\/\/www.conselharan.org\/ca\/wp-json\/wp\/v2\/posts"}],"about":[{"href":"https:\/\/www.conselharan.org\/ca\/wp-json\/wp\/v2\/types\/post"}],"author":[{"embeddable":true,"href":"https:\/\/www.conselharan.org\/ca\/wp-json\/wp\/v2\/users\/2"}],"replies":[{"embeddable":true,"href":"https:\/\/www.conselharan.org\/ca\/wp-json\/wp\/v2\/comments?post=4383"}],"version-history":[{"count":1,"href":"https:\/\/www.conselharan.org\/ca\/wp-json\/wp\/v2\/posts\/4383\/revisions"}],"predecessor-version":[{"id":4384,"href":"https:\/\/www.conselharan.org\/ca\/wp-json\/wp\/v2\/posts\/4383\/revisions\/4384"}],"wp:featuredmedia":[{"embeddable":true,"href":"https:\/\/www.conselharan.org\/ca\/wp-json\/wp\/v2\/media\/4381"}],"wp:attachment":[{"href":"https:\/\/www.conselharan.org\/ca\/wp-json\/wp\/v2\/media?parent=4383"}],"wp:term":[{"taxonomy":"category","embeddable":true,"href":"https:\/\/www.conselharan.org\/ca\/wp-json\/wp\/v2\/categories?post=4383"},{"taxonomy":"post_tag","embeddable":true,"href":"https:\/\/www.conselharan.org\/ca\/wp-json\/wp\/v2\/tags?post=4383"}],"curies":[{"name":"wp","href":"https:\/\/api.w.org\/{rel}","templated":true}]}}