{"id":43877,"date":"2021-07-30T13:41:53","date_gmt":"2021-07-30T11:41:53","guid":{"rendered":"https:\/\/www.conselharan.org\/?p=43877"},"modified":"2021-07-30T13:45:49","modified_gmt":"2021-07-30T11:45:49","slug":"confirmat-1-cas-positiu-per-covid-19-3","status":"publish","type":"post","link":"https:\/\/www.conselharan.org\/ca\/confirmat-1-cas-positiu-per-covid-19-3\/","title":{"rendered":"Confirmat 1 cas positiu per COVID-19"},"content":{"rendered":"<p><a href=\"https:\/\/www.conselharan.org\/wp-content\/uploads\/2021\/07\/Actualizacion-donades-COVID.png\"><img loading=\"lazy\" decoding=\"async\" class=\"wp-image-43551 aligncenter\" src=\"https:\/\/www.conselharan.org\/wp-content\/uploads\/2021\/07\/Actualizacion-donades-COVID-300x300.png\" alt=\"\" width=\"812\" height=\"812\" srcset=\"https:\/\/www.conselharan.org\/wp-content\/uploads\/2021\/07\/Actualizacion-donades-COVID-300x300.png 300w, https:\/\/www.conselharan.org\/wp-content\/uploads\/2021\/07\/Actualizacion-donades-COVID-1024x1024.png 1024w, https:\/\/www.conselharan.org\/wp-content\/uploads\/2021\/07\/Actualizacion-donades-COVID-150x150.png 150w, https:\/\/www.conselharan.org\/wp-content\/uploads\/2021\/07\/Actualizacion-donades-COVID-768x768.png 768w, https:\/\/www.conselharan.org\/wp-content\/uploads\/2021\/07\/Actualizacion-donades-COVID-270x270.png 270w, https:\/\/www.conselharan.org\/wp-content\/uploads\/2021\/07\/Actualizacion-donades-COVID-207x207.png 207w, https:\/\/www.conselharan.org\/wp-content\/uploads\/2021\/07\/Actualizacion-donades-COVID-75x75.png 75w, https:\/\/www.conselharan.org\/wp-content\/uploads\/2021\/07\/Actualizacion-donades-COVID.png 1080w\" sizes=\"(max-width: 812px) 100vw, 812px\" \/><\/a><\/p>\n<ul>\n<li><strong>Actualment, hi ha 1 persona ingressada per COVID-19 a l&#8217;Espitau Val d\u2019Aran.<\/strong><\/li>\n<\/ul>\n<p>El Conselh Generau d\u2019Aran insisteix en la necessitat de vacunar-se i recorda que ja est\u00e0 oberta la vacunaci\u00f3 per a les persones majors de 16 anys, es pot demanar cita a trav\u00e9s d\u2019aquesta web: https:\/\/vacunacovid.catsalut.gencat.cat\/<\/p>\n<p>El govern del Conselh Generau d\u2019Aran recorda la necessitat de seguir les mesures preventives establertes per les autoritats sanit\u00e0ries.<\/p>\n ","protected":false},"excerpt":{"rendered":"<p>Actualment, hi ha 1 persona ingressada per COVID-19 a l&#8217;Espitau Val d\u2019Aran. El Conselh Generau d\u2019Aran insisteix en la necessitat de vacunar-se i recorda que ja est\u00e0 oberta la vacunaci\u00f3 per a les persones majors de 16 anys, es pot demanar cita a trav\u00e9s d\u2019aquesta web: https:\/\/vacunacovid.catsalut.gencat.cat\/ El govern del Conselh Generau d\u2019Aran recorda la&#8230;<\/p>\n","protected":false},"author":10,"featured_media":43551,"comment_status":"closed","ping_status":"closed","sticky":false,"template":"","format":"standard","meta":{"footnotes":""},"categories":[31,805,36],"tags":[],"_links":{"self":[{"href":"https:\/\/www.conselharan.org\/ca\/wp-json\/wp\/v2\/posts\/43877"}],"collection":[{"href":"https:\/\/www.conselharan.org\/ca\/wp-json\/wp\/v2\/posts"}],"about":[{"href":"https:\/\/www.conselharan.org\/ca\/wp-json\/wp\/v2\/types\/post"}],"author":[{"embeddable":true,"href":"https:\/\/www.conselharan.org\/ca\/wp-json\/wp\/v2\/users\/10"}],"replies":[{"embeddable":true,"href":"https:\/\/www.conselharan.org\/ca\/wp-json\/wp\/v2\/comments?post=43877"}],"version-history":[{"count":2,"href":"https:\/\/www.conselharan.org\/ca\/wp-json\/wp\/v2\/posts\/43877\/revisions"}],"predecessor-version":[{"id":43884,"href":"https:\/\/www.conselharan.org\/ca\/wp-json\/wp\/v2\/posts\/43877\/revisions\/43884"}],"wp:featuredmedia":[{"embeddable":true,"href":"https:\/\/www.conselharan.org\/ca\/wp-json\/wp\/v2\/media\/43551"}],"wp:attachment":[{"href":"https:\/\/www.conselharan.org\/ca\/wp-json\/wp\/v2\/media?parent=43877"}],"wp:term":[{"taxonomy":"category","embeddable":true,"href":"https:\/\/www.conselharan.org\/ca\/wp-json\/wp\/v2\/categories?post=43877"},{"taxonomy":"post_tag","embeddable":true,"href":"https:\/\/www.conselharan.org\/ca\/wp-json\/wp\/v2\/tags?post=43877"}],"curies":[{"name":"wp","href":"https:\/\/api.w.org\/{rel}","templated":true}]}}