{"id":43937,"date":"2021-08-03T11:05:04","date_gmt":"2021-08-03T09:05:04","guid":{"rendered":"https:\/\/www.conselharan.org\/?p=43937"},"modified":"2021-08-03T13:26:36","modified_gmt":"2021-08-03T11:26:36","slug":"el-conselh-generau-daran-ofereix-3-places-a-joves-en-practiques","status":"publish","type":"post","link":"https:\/\/www.conselharan.org\/ca\/el-conselh-generau-daran-ofereix-3-places-a-joves-en-practiques\/","title":{"rendered":"El Conselh Generau d\u2019Aran ofereix 3 places a joves en pr\u00e0ctiques"},"content":{"rendered":"<p><a href=\"https:\/\/www.conselharan.org\/wp-content\/uploads\/2021\/08\/3-places-tara-joenessa-en-CGA-Catal\u00e0-06-2.jpg\"><img loading=\"lazy\" decoding=\"async\" class=\"wp-image-43978 aligncenter\" src=\"https:\/\/www.conselharan.org\/wp-content\/uploads\/2021\/08\/3-places-tara-joenessa-en-CGA-Catal\u00e0-06-2-300x300.jpg\" alt=\"\" width=\"773\" height=\"773\" srcset=\"https:\/\/www.conselharan.org\/wp-content\/uploads\/2021\/08\/3-places-tara-joenessa-en-CGA-Catal\u00e0-06-2-300x300.jpg 300w, https:\/\/www.conselharan.org\/wp-content\/uploads\/2021\/08\/3-places-tara-joenessa-en-CGA-Catal\u00e0-06-2-1024x1024.jpg 1024w, https:\/\/www.conselharan.org\/wp-content\/uploads\/2021\/08\/3-places-tara-joenessa-en-CGA-Catal\u00e0-06-2-150x150.jpg 150w, https:\/\/www.conselharan.org\/wp-content\/uploads\/2021\/08\/3-places-tara-joenessa-en-CGA-Catal\u00e0-06-2-768x768.jpg 768w, https:\/\/www.conselharan.org\/wp-content\/uploads\/2021\/08\/3-places-tara-joenessa-en-CGA-Catal\u00e0-06-2-270x270.jpg 270w, https:\/\/www.conselharan.org\/wp-content\/uploads\/2021\/08\/3-places-tara-joenessa-en-CGA-Catal\u00e0-06-2-207x207.jpg 207w, https:\/\/www.conselharan.org\/wp-content\/uploads\/2021\/08\/3-places-tara-joenessa-en-CGA-Catal\u00e0-06-2-75x75.jpg 75w, https:\/\/www.conselharan.org\/wp-content\/uploads\/2021\/08\/3-places-tara-joenessa-en-CGA-Catal\u00e0-06-2.jpg 1201w\" sizes=\"(max-width: 773px) 100vw, 773px\" \/><\/a><\/p>\n<p>\u2022 <strong>Amb la finalitat d&#8217;incentivar la contractaci\u00f3 de persones joves amb titulaci\u00f3, el Conselh Generau d\u2019Aran contractar\u00e0 a aquests joves per a que puguin tenir una primera experi\u00e8ncia laboral de 6 mesos i con\u00e8ixer d&#8217;a prop l&#8217;administraci\u00f3 p\u00fablica<\/strong><\/p>\n<p>Tot i que molts joves compten amb titulaci\u00f3 reglada o laboral que els capacita per accedir al mercat de treball, les xifres d&#8217;atur juvenil demostren que molts d&#8217;ells no troben ocupaci\u00f3 malgrat la seva formaci\u00f3.<\/p>\n<p>Aquesta realitat social, constitueix una preocupaci\u00f3 compartida i amb l&#8217;objectiu de millorar aquesta situaci\u00f3, s&#8217;han aprovat les bases reguladores per a la concessi\u00f3 de subvencions destinades a promoure la contractaci\u00f3 en pr\u00e0ctiques de persones joves benefici\u00e0ries del programa Garantia Juvenil (GJ) a Catalunya. Amb la qual, el Servei P\u00fablic d\u2019Ocupaci\u00f3 (SOC) pret\u00e9n millorar l&#8217;ocupabilitat de les persones joves amb t\u00edtol o certificat de professionalitat, contractant-les durant un per\u00edode de 6 mesos a jornada completa en la modalitat de pr\u00e0ctiques.<\/p>\n<p>El Conselh Generau d\u2019Aran ofereix tres places en els seg\u00fcents departaments:<\/p>\n<p>\u2022 En el Departament de Gesti\u00f3 de residus: FP o grau universitari en la branca agr\u00e0ria, medi ambient, forestals, administraci\u00f3, enginyeria\u2026<\/p>\n<p>\u2022 En el Departament de Inform\u00e0tica: FP o grau universitari en sistemes inform\u00e0tics i xarxes.<\/p>\n<p>\u2022 En el Departament d&#8217;Arxiu Generau d\u2019Aran: FP o grau univeristari en gesti\u00f3 administrativa, secretariat, arxiu, empresarials\u2026<\/p>\n<p>Per poder beneficiar-se del programa garantia juvenil cal complir els seg\u00fcents requisits:<\/p>\n<p>\u2022 Tenir nacionalitat espanyola o ser ciutadans de l\u2019Uni\u00f3 Europea o dels Estats que formen part de l&#8217;Acord Econ\u00f2mic Europeu o Su\u00efssa que es trobin a Espanya en exercici de lliure circulaci\u00f3 i resid\u00e8ncia. Tamb\u00e9 podran inscriure&#8217;s els estrangers titulars d&#8217;una autoritzaci\u00f3 per residir en territori espanyol habilitada per treballar.<\/p>\n<p>\u2022 Estar empadronat en qualsevol localitat del territori nacional espanyol.<\/p>\n<p>\u2022 Tenir m\u00e9s de 16 anys i menys de 30 anys.<\/p>\n<p>\u2022 No haver treballat en el dia natural anterior a la data de presentaci\u00f3 de la sol\u00b7licitud.<\/p>\n<p>\u2022 No haver rebut accions educatives en el dia natural anterior a la data de presentaci\u00f3 de la sol\u00b7licitud.<\/p>\n<p>\u2022 No haver rebut accions formatives en el dia natural anterior a la data de presentaci\u00f3 de la sol\u00b7licitud.<\/p>\n<p>\u2022 Presentar una declaraci\u00f3 expressa de tenir inter\u00e8s a participar en el Sistema Nacional de Garantia Juvenil, adquirint un comprom\u00eds de participaci\u00f3 activa en les actuacions que es desenvolupin en el marc de la Garantia Juvenil. En el cas dels demandants d&#8217;ocupaci\u00f3 bastar\u00e0 amb la seva inscripci\u00f3 en els serveis p\u00fablics d&#8217;ocupaci\u00f3.<\/p>\n<p>La data l\u00edmit d&#8217;inici de contractaci\u00f3 \u00e9s el 20 de setembre i la durabilitat \u00e9s de sis mesos.<\/p>\n<p>Per a m\u00e9s informaci\u00f3 i inscripcions es poden dirigir al SOC en l&#8217;Av. Maladeta,11 de 08h30 a 14h00.<\/p>\n<p>&nbsp;<\/p>\n<p>&nbsp;<\/p>\n<p><em>Vielha, 3 d&#8217;agost de 2021<\/em><\/p>\n ","protected":false},"excerpt":{"rendered":"<p>\u2022 Amb la finalitat d&#8217;incentivar la contractaci\u00f3 de persones joves amb titulaci\u00f3, el Conselh Generau d\u2019Aran contractar\u00e0 a aquests joves per a que puguin tenir una primera experi\u00e8ncia laboral de 6 mesos i con\u00e8ixer d&#8217;a prop l&#8217;administraci\u00f3 p\u00fablica Tot i que molts joves compten amb titulaci\u00f3 reglada o laboral que els capacita per accedir al&#8230;<\/p>\n","protected":false},"author":10,"featured_media":43974,"comment_status":"closed","ping_status":"closed","sticky":false,"template":"","format":"standard","meta":{"footnotes":""},"categories":[53,800],"tags":[],"_links":{"self":[{"href":"https:\/\/www.conselharan.org\/ca\/wp-json\/wp\/v2\/posts\/43937"}],"collection":[{"href":"https:\/\/www.conselharan.org\/ca\/wp-json\/wp\/v2\/posts"}],"about":[{"href":"https:\/\/www.conselharan.org\/ca\/wp-json\/wp\/v2\/types\/post"}],"author":[{"embeddable":true,"href":"https:\/\/www.conselharan.org\/ca\/wp-json\/wp\/v2\/users\/10"}],"replies":[{"embeddable":true,"href":"https:\/\/www.conselharan.org\/ca\/wp-json\/wp\/v2\/comments?post=43937"}],"version-history":[{"count":4,"href":"https:\/\/www.conselharan.org\/ca\/wp-json\/wp\/v2\/posts\/43937\/revisions"}],"predecessor-version":[{"id":43981,"href":"https:\/\/www.conselharan.org\/ca\/wp-json\/wp\/v2\/posts\/43937\/revisions\/43981"}],"wp:featuredmedia":[{"embeddable":true,"href":"https:\/\/www.conselharan.org\/ca\/wp-json\/wp\/v2\/media\/43974"}],"wp:attachment":[{"href":"https:\/\/www.conselharan.org\/ca\/wp-json\/wp\/v2\/media?parent=43937"}],"wp:term":[{"taxonomy":"category","embeddable":true,"href":"https:\/\/www.conselharan.org\/ca\/wp-json\/wp\/v2\/categories?post=43937"},{"taxonomy":"post_tag","embeddable":true,"href":"https:\/\/www.conselharan.org\/ca\/wp-json\/wp\/v2\/tags?post=43937"}],"curies":[{"name":"wp","href":"https:\/\/api.w.org\/{rel}","templated":true}]}}