{"id":44251,"date":"2021-08-20T12:12:01","date_gmt":"2021-08-20T10:12:01","guid":{"rendered":"https:\/\/www.conselharan.org\/confirmadi-2-casi-positius-per-covid-19-2\/"},"modified":"2021-08-20T12:18:41","modified_gmt":"2021-08-20T10:18:41","slug":"confirmadi-2-casi-positius-per-covid-19-2","status":"publish","type":"post","link":"https:\/\/www.conselharan.org\/ca\/confirmadi-2-casi-positius-per-covid-19-2\/","title":{"rendered":"Confirmats 2 casos positius per COVID-19"},"content":{"rendered":"<p><a href=\"https:\/\/www.conselharan.org\/wp-content\/uploads\/2021\/08\/Actualizacion-donades-COVID.png\"><br \/>\n<img loading=\"lazy\" decoding=\"async\" class=\"aligncenter wp-image-44192 size-large\" src=\"https:\/\/www.conselharan.org\/wp-content\/uploads\/2021\/08\/Actualizacion-donades-COVID-1024x1024.png\" alt=\"\" width=\"1024\" height=\"1024\" srcset=\"https:\/\/www.conselharan.org\/wp-content\/uploads\/2021\/08\/Actualizacion-donades-COVID-1024x1024.png 1024w, https:\/\/www.conselharan.org\/wp-content\/uploads\/2021\/08\/Actualizacion-donades-COVID-300x300.png 300w, https:\/\/www.conselharan.org\/wp-content\/uploads\/2021\/08\/Actualizacion-donades-COVID-150x150.png 150w, https:\/\/www.conselharan.org\/wp-content\/uploads\/2021\/08\/Actualizacion-donades-COVID-768x768.png 768w, https:\/\/www.conselharan.org\/wp-content\/uploads\/2021\/08\/Actualizacion-donades-COVID-270x270.png 270w, https:\/\/www.conselharan.org\/wp-content\/uploads\/2021\/08\/Actualizacion-donades-COVID-207x207.png 207w, https:\/\/www.conselharan.org\/wp-content\/uploads\/2021\/08\/Actualizacion-donades-COVID-75x75.png 75w, https:\/\/www.conselharan.org\/wp-content\/uploads\/2021\/08\/Actualizacion-donades-COVID.png 1080w\" sizes=\"(max-width: 1024px) 100vw, 1024px\" \/><\/a><\/p>\n<ul>\n<li><strong>En les \u00faltimes 24 hores s&#8217;ha dut a terme una alta a la planta COVID-19 de l\u2019Espitau Val d&#8217;Aran, on actualment hi ha 2 persones ingressades<\/strong><\/li>\n<\/ul>\n<p>El govern del Conselh Generau d\u2019Aran recorda la necessitat de seguir les mesures preventives establertes per les autoritats sanit\u00e0ries, aix\u00ed com la import\u00e0ncia de vacunar-se.<\/p>\n ","protected":false},"excerpt":{"rendered":"<p>En les \u00faltimes 24 hores s&#8217;ha dut a terme una alta a la planta COVID-19 de l\u2019Espitau Val d&#8217;Aran, on actualment hi ha 2 persones ingressades El govern del Conselh Generau d\u2019Aran recorda la necessitat de seguir les mesures preventives establertes per les autoritats sanit\u00e0ries, aix\u00ed com la import\u00e0ncia de vacunar-se.<\/p>\n","protected":false},"author":10,"featured_media":44193,"comment_status":"closed","ping_status":"closed","sticky":false,"template":"","format":"standard","meta":{"footnotes":""},"categories":[33,805],"tags":[],"_links":{"self":[{"href":"https:\/\/www.conselharan.org\/ca\/wp-json\/wp\/v2\/posts\/44251"}],"collection":[{"href":"https:\/\/www.conselharan.org\/ca\/wp-json\/wp\/v2\/posts"}],"about":[{"href":"https:\/\/www.conselharan.org\/ca\/wp-json\/wp\/v2\/types\/post"}],"author":[{"embeddable":true,"href":"https:\/\/www.conselharan.org\/ca\/wp-json\/wp\/v2\/users\/10"}],"replies":[{"embeddable":true,"href":"https:\/\/www.conselharan.org\/ca\/wp-json\/wp\/v2\/comments?post=44251"}],"version-history":[{"count":1,"href":"https:\/\/www.conselharan.org\/ca\/wp-json\/wp\/v2\/posts\/44251\/revisions"}],"predecessor-version":[{"id":44252,"href":"https:\/\/www.conselharan.org\/ca\/wp-json\/wp\/v2\/posts\/44251\/revisions\/44252"}],"wp:featuredmedia":[{"embeddable":true,"href":"https:\/\/www.conselharan.org\/ca\/wp-json\/wp\/v2\/media\/44193"}],"wp:attachment":[{"href":"https:\/\/www.conselharan.org\/ca\/wp-json\/wp\/v2\/media?parent=44251"}],"wp:term":[{"taxonomy":"category","embeddable":true,"href":"https:\/\/www.conselharan.org\/ca\/wp-json\/wp\/v2\/categories?post=44251"},{"taxonomy":"post_tag","embeddable":true,"href":"https:\/\/www.conselharan.org\/ca\/wp-json\/wp\/v2\/tags?post=44251"}],"curies":[{"name":"wp","href":"https:\/\/api.w.org\/{rel}","templated":true}]}}