{"id":4446,"date":"2014-08-09T08:00:29","date_gmt":"2014-08-09T06:00:29","guid":{"rendered":"http:\/\/www.conselharan.org\/?p=4446"},"modified":"2014-08-08T15:26:22","modified_gmt":"2014-08-08T13:26:22","slug":"sobre-la-nova-temporada-de-caca-controlada-al-naut-aran-i-a-la-val-daran","status":"publish","type":"post","link":"https:\/\/www.conselharan.org\/ca\/sobre-la-nova-temporada-de-caca-controlada-al-naut-aran-i-a-la-val-daran\/","title":{"rendered":"S\u2019obre la nova temporada de ca\u00e7a controlada al Naut Aran i a la Val d\u2019Aran"},"content":{"rendered":"<p><a href=\"http:\/\/www.conselharan.org\/wp-content\/uploads\/2014\/08\/Richard-Martin.jpg\"><img loading=\"lazy\" decoding=\"async\" class=\"aligncenter size-large wp-image-4444\" alt=\"Richard Martin\" src=\"http:\/\/www.conselharan.org\/wp-content\/uploads\/2014\/08\/Richard-Martin-1024x685.jpg\" width=\"1024\" height=\"685\" srcset=\"https:\/\/www.conselharan.org\/wp-content\/uploads\/2014\/08\/Richard-Martin-1024x685.jpg 1024w, https:\/\/www.conselharan.org\/wp-content\/uploads\/2014\/08\/Richard-Martin-300x200.jpg 300w\" sizes=\"(max-width: 1024px) 100vw, 1024px\" \/><\/a>Foto.Richard Martin<\/p>\n<p>&nbsp;<\/p>\n<p>El passat 3 d\u2019agost es va iniciar la temporada de ca\u00e7a 2014\/2015 amb els permisos de cabirol mascle.<\/p>\n<p>Les dates en funci\u00f3 d\u2019esp\u00e8cie i sexe es detallen a continuaci\u00f3:<\/p>\n<p><strong>CA\u00c7A MAJOR:<\/strong><\/p>\n<p>&#8211;<em><strong> Isard:<\/strong><\/em> Temporada del 31.08.2014 al 02.11.2014.<\/p>\n<p>&#8211; <em><strong>Cabirol<\/strong><\/em>: Temporada cabirol mascle: del 03.08.2014 al 14.09.2014, cabirol femella: del 19.10.2014 al 30.11.2014.<\/p>\n<p>&#8211;<em><strong> C\u00e9rvol:<\/strong> <\/em>Temporada c\u00e9rvol mascle: del 19.10.2014 al 01.02.2015, c\u00e9rvol femella: 31.08.2014 al 28.09.2014 i del 19.10.2014 al 01.02.2015.<\/p>\n<p>&#8211; <em><strong>Senglar:<\/strong><\/em> Temporada del 21.09.2014 al 01.02.2015.<\/p>\n<p>&#8211; <em><strong>Daina:<\/strong> <\/em>Temporada del 03.08.2014 al 01.02.2015.<\/p>\n<p><strong>CA\u00c7A MENOR:<\/strong><\/p>\n<p>Temporada del<strong> 21.09.2014 al 04.01.2015<\/strong>, dimecres, diumenges i festius. Hi ha un l\u00edmit de 2 gossos per ca\u00e7ador.<\/p>\n<p>Aprofitament m\u00e0xim:<\/p>\n<p>&#8211; Perdiu xerra: 2 peces ca\u00e7ador\/jornada<\/p>\n<p>&#8211; Perdiu roja: 4 peces ca\u00e7ador\/jornada<\/p>\n<p>&#8211; Guatlla: 4 peces ca\u00e7ador\/jornada<\/p>\n<p>&#8211; Becada: 2 peces ca\u00e7ador\/jornada<\/p>\n<p>&#8211; Fais\u00e0: 2 peces ca\u00e7ador\/jornada<\/p>\n<p>&#8211; Llebre: 2 peces ca\u00e7ador\/jornada<\/p>\n<p>&#8211; \u00c0nec collverd: 2 peces ca\u00e7ador\/jornada<\/p>\n<p>&#8211; Guineu: sense l\u00edmit<\/p>\n<p>&#8211; Garsa: sense l\u00edmit<\/p>\n<p>&#8211; Colom salvatge: sense l\u00edmit<\/p>\n<p>&#8211; Griva: sense l\u00edmit<\/p>\n<p>&#8211; Marmota: Temporada de<strong> 31.08.2014 al 02.11.2014<\/strong>. 2 peces ca\u00e7ador\/jornada. La ca\u00e7a amb rifle ha de ser efectuada amb perm\u00eds nominal de ca\u00e7a major o batuda de senglar.<\/p>\n<p>En paraules del conselh\u00e8r d\u2019Agricultura, Ramaderia i Medi Natural d\u2019Aran,<strong> Jose E. Arr\u00f3, \u201cla poblaci\u00f3 d\u2019isard a la Val d\u2019Aran s\u2019est\u00e0 recuperant a on hi havia pestivirus, la de c\u00e9rvol ha ascendit i pel que fa a la poblaci\u00f3 de cabirols, ha disminu\u00eft sensiblement\u201d.<\/strong><\/p>\n<p>Per consultar els edictes sobre els Plans T\u00e8cnics de Gesti\u00f3 Cineg\u00e8tica de cada societat:<strong> DOGC n\u00fam. 6671-24.7.2014.<\/strong><\/p>\n ","protected":false},"excerpt":{"rendered":"<p>Foto.Richard Martin &nbsp; El passat 3 d\u2019agost es va iniciar la temporada de ca\u00e7a 2014\/2015 amb els permisos de cabirol mascle. Les dates en funci\u00f3 d\u2019esp\u00e8cie i sexe es detallen a continuaci\u00f3: CA\u00c7A MAJOR: &#8211; Isard: Temporada del 31.08.2014 al 02.11.2014. &#8211; Cabirol: Temporada cabirol mascle: del 03.08.2014 al 14.09.2014, cabirol femella: del 19.10.2014 al&#8230;<\/p>\n","protected":false},"author":2,"featured_media":4444,"comment_status":"closed","ping_status":"closed","sticky":false,"template":"","format":"standard","meta":{"footnotes":""},"categories":[31,33,36],"tags":[],"_links":{"self":[{"href":"https:\/\/www.conselharan.org\/ca\/wp-json\/wp\/v2\/posts\/4446"}],"collection":[{"href":"https:\/\/www.conselharan.org\/ca\/wp-json\/wp\/v2\/posts"}],"about":[{"href":"https:\/\/www.conselharan.org\/ca\/wp-json\/wp\/v2\/types\/post"}],"author":[{"embeddable":true,"href":"https:\/\/www.conselharan.org\/ca\/wp-json\/wp\/v2\/users\/2"}],"replies":[{"embeddable":true,"href":"https:\/\/www.conselharan.org\/ca\/wp-json\/wp\/v2\/comments?post=4446"}],"version-history":[{"count":1,"href":"https:\/\/www.conselharan.org\/ca\/wp-json\/wp\/v2\/posts\/4446\/revisions"}],"predecessor-version":[{"id":4447,"href":"https:\/\/www.conselharan.org\/ca\/wp-json\/wp\/v2\/posts\/4446\/revisions\/4447"}],"wp:featuredmedia":[{"embeddable":true,"href":"https:\/\/www.conselharan.org\/ca\/wp-json\/wp\/v2\/media\/4444"}],"wp:attachment":[{"href":"https:\/\/www.conselharan.org\/ca\/wp-json\/wp\/v2\/media?parent=4446"}],"wp:term":[{"taxonomy":"category","embeddable":true,"href":"https:\/\/www.conselharan.org\/ca\/wp-json\/wp\/v2\/categories?post=4446"},{"taxonomy":"post_tag","embeddable":true,"href":"https:\/\/www.conselharan.org\/ca\/wp-json\/wp\/v2\/tags?post=4446"}],"curies":[{"name":"wp","href":"https:\/\/api.w.org\/{rel}","templated":true}]}}