{"id":4470,"date":"2014-08-12T14:03:33","date_gmt":"2014-08-12T12:03:33","guid":{"rendered":"http:\/\/www.conselharan.org\/400-persones-participen-ena-ultra-trail-val-daran-2\/"},"modified":"2014-08-12T14:14:02","modified_gmt":"2014-08-12T12:14:02","slug":"400-persones-participen-ena-ultra-trail-val-daran","status":"publish","type":"post","link":"https:\/\/www.conselharan.org\/ca\/400-persones-participen-ena-ultra-trail-val-daran\/","title":{"rendered":"400 persones participen a la Ultra Trail Val d\u2019Aran"},"content":{"rendered":"<p><strong>Alfonso Rodr\u00edguez i Teresa Forn guanyen la 2a edici\u00f3 de la Ultra Trail Val d\u2019Aran<\/strong><\/p>\n<p><strong>L\u2019aran\u00e8s, Jaime Arribas, acaba en una merit\u00f2ria 4\u00aa posici\u00f3<\/strong><\/p>\n<p><strong>La jove aranesa, Marta C\u00e9ster, va guanyar la Short Trail (17km)<\/strong><\/p>\n<p>&nbsp;<\/p>\n<p><a href=\"http:\/\/www.conselharan.org\/wp-content\/uploads\/2014\/08\/guanhadors.jpg\"><img loading=\"lazy\" decoding=\"async\" class=\"aligncenter size-large wp-image-4463\" alt=\"guanhadors\" src=\"http:\/\/www.conselharan.org\/wp-content\/uploads\/2014\/08\/guanhadors-1024x685.jpg\" width=\"1024\" height=\"685\" srcset=\"https:\/\/www.conselharan.org\/wp-content\/uploads\/2014\/08\/guanhadors-1024x685.jpg 1024w, https:\/\/www.conselharan.org\/wp-content\/uploads\/2014\/08\/guanhadors-300x200.jpg 300w\" sizes=\"(max-width: 1024px) 100vw, 1024px\" \/><\/a><em>Entrega de premis als guanyadors de l&#8217;Ultra Trail Val d&#8217;Aran 2014.<\/em><\/p>\n<p>Despr\u00e9s del gran \u00e8xit de l\u2019edici\u00f3 inaugural de l\u2019any passat, el dissabte, dia 9 d\u2019agost, es va celebrar la 2a edici\u00f3 de la Ultra Trail Val d\u2019Aran, que va rec\u00f3rrer bona part de la geografia aranesa. Per a aquesta edici\u00f3 es va organitzar un recorregut exigent dividit en 3 dist\u00e0ncies: 17km (Short Trail), 47km (Trail) i 99 km (Ultra Trail).<\/p>\n<p>L\u2019entrega de premis es va realitzar a Salard\u00fa, i va comptar amb la pres\u00e8ncia del conselh\u00e8r d&#8217;Esports d&#8217;Aran, <strong>Marcos Vil\u00f3<\/strong>, la conselh\u00e8ra de Turisme, Comer\u00e7 i Consum, <strong>Anna D\u00edaz<\/strong>, i l&#8217;alcalde de Naut Aran, <strong>C\u00e9sar Ruiz-Canela.<\/strong><\/p>\n<p><a href=\"http:\/\/www.conselharan.org\/wp-content\/uploads\/2014\/08\/guanhadors-1.jpg\"><img loading=\"lazy\" decoding=\"async\" class=\"aligncenter size-large wp-image-4465\" alt=\"guanhadors 1\" src=\"http:\/\/www.conselharan.org\/wp-content\/uploads\/2014\/08\/guanhadors-1-1024x685.jpg\" width=\"1024\" height=\"685\" srcset=\"https:\/\/www.conselharan.org\/wp-content\/uploads\/2014\/08\/guanhadors-1-1024x685.jpg 1024w, https:\/\/www.conselharan.org\/wp-content\/uploads\/2014\/08\/guanhadors-1-300x200.jpg 300w\" sizes=\"(max-width: 1024px) 100vw, 1024px\" \/><\/a><em>Els guanyadors de l&#8217;Ultra Trail Val d&#8217;Aran 2014.<\/em><\/p>\n<p>Els amants del running i de la naturalesa van poder gaudir de grans ports de muntanya, i l\u2019ascensi\u00f3, entre d\u2019altres, a una de les muntanyes m\u00e9s m\u00edtiques de<br \/>\nla Val d\u2019Aran: El Montarto.<\/p>\n<p><strong>\u201c\u00c9s un honor per la Val d\u2019Aran comptar amb un esdeveniment esportiu del nivell de la ULTRAIL. Amb la realitzaci\u00f3 d\u2019un esdeveniment d\u2019aquesta magnitud a l\u2019estiu podem dir que la Val d\u2019Aran compta amb dos cites esportives importants anuals: la Marxa Beret i la Ultra Trail.\u201d<\/strong>, ha comentat el conselh\u00e8r d\u2019Esports d\u2019Aran, <strong>Marcos Vil\u00f3.<\/strong><\/p>\n<p><a href=\"http:\/\/www.conselharan.org\/wp-content\/uploads\/2014\/08\/voluntaris_-DSC_0404.jpg\"><img loading=\"lazy\" decoding=\"async\" class=\"aligncenter size-large wp-image-4466\" alt=\"voluntaris_ DSC_0404\" src=\"http:\/\/www.conselharan.org\/wp-content\/uploads\/2014\/08\/voluntaris_-DSC_0404-1024x685.jpg\" width=\"1024\" height=\"685\" srcset=\"https:\/\/www.conselharan.org\/wp-content\/uploads\/2014\/08\/voluntaris_-DSC_0404-1024x685.jpg 1024w, https:\/\/www.conselharan.org\/wp-content\/uploads\/2014\/08\/voluntaris_-DSC_0404-300x200.jpg 300w\" sizes=\"(max-width: 1024px) 100vw, 1024px\" \/><\/a><em>Voluntaris de l&#8217;Ultra Trail Val d&#8217;Aran<\/em><\/p>\n<p><strong>CLASSIFICACI\u00d3<\/strong><\/p>\n<p>&#8211; <strong>ULTRA TRAIL (99km)<\/strong><\/p>\n<p>1. Alfonso Rodr\u00edguez Paredes 15h10:42<br \/>\n2. Alex Izquierdo Acon 15h10:42<br \/>\n3. Raul Hernandez Fustet 15h32:36<br \/>\n<em>4. Jaime Arribas Sampedro 16h05:17<\/em><\/p>\n<p>1.Teresa Forn Munn\u00e9 21h01:49<\/p>\n<p><strong>-TRAIL (47km)<\/strong><\/p>\n<p>1.Eliseo Bodelon 05h17:27<br \/>\n2. Pablo Villalobos 05h31:12<br \/>\n3.Ezequiel Cuesta 05h36:21<\/p>\n<p>1. Montse Bacardit 06h08:01<br \/>\n<em>2.Anna Maci\u00e0 06h15:20<\/em><\/p>\n<p>-SHORT TRAIL (17km)<\/p>\n<p>1. David P\u00e9rez 01h14:41<br \/>\n2. Salva Rambla 01h15:23<br \/>\n3. Ricard Verdaguer 01h16:43<\/p>\n<p><em>1. Marta C\u00e9ster Farr\u00e9 01h29:10<\/em><br \/>\n2. Judit Franch 01h32:13<\/p>\n<p>Per consultar tota la classificaci\u00f3:<br \/>\n<a href=\"http:\/\/www.runedia.com\/sc\/php\/resultados.php?cid=196\" target=\"_blank\"><strong>http:\/\/www.runedia.com\/sc\/php\/resultados.php?cid=196<\/strong><\/a><\/p>\n<p>Per a m\u00e9s informaci\u00f3: <a href=\"http:\/\/www.ultratrailvaldaran.blogspot.com.es\" target=\"_blank\"><strong>ultratrailvaldaran.blogspot.com.es<\/strong><\/a><\/p>\n ","protected":false},"excerpt":{"rendered":"<p>Alfonso Rodr\u00edguez i Teresa Forn guanyen la 2a edici\u00f3 de la Ultra Trail Val d\u2019Aran L\u2019aran\u00e8s, Jaime Arribas, acaba en una merit\u00f2ria 4\u00aa posici\u00f3 La jove aranesa, Marta C\u00e9ster, va guanyar la Short Trail (17km) &nbsp; Entrega de premis als guanyadors de l&#8217;Ultra Trail Val d&#8217;Aran 2014. Despr\u00e9s del gran \u00e8xit de l\u2019edici\u00f3 inaugural de&#8230;<\/p>\n","protected":false},"author":2,"featured_media":4463,"comment_status":"closed","ping_status":"closed","sticky":false,"template":"","format":"standard","meta":{"footnotes":""},"categories":[31,33,36],"tags":[],"_links":{"self":[{"href":"https:\/\/www.conselharan.org\/ca\/wp-json\/wp\/v2\/posts\/4470"}],"collection":[{"href":"https:\/\/www.conselharan.org\/ca\/wp-json\/wp\/v2\/posts"}],"about":[{"href":"https:\/\/www.conselharan.org\/ca\/wp-json\/wp\/v2\/types\/post"}],"author":[{"embeddable":true,"href":"https:\/\/www.conselharan.org\/ca\/wp-json\/wp\/v2\/users\/2"}],"replies":[{"embeddable":true,"href":"https:\/\/www.conselharan.org\/ca\/wp-json\/wp\/v2\/comments?post=4470"}],"version-history":[{"count":2,"href":"https:\/\/www.conselharan.org\/ca\/wp-json\/wp\/v2\/posts\/4470\/revisions"}],"predecessor-version":[{"id":4472,"href":"https:\/\/www.conselharan.org\/ca\/wp-json\/wp\/v2\/posts\/4470\/revisions\/4472"}],"wp:featuredmedia":[{"embeddable":true,"href":"https:\/\/www.conselharan.org\/ca\/wp-json\/wp\/v2\/media\/4463"}],"wp:attachment":[{"href":"https:\/\/www.conselharan.org\/ca\/wp-json\/wp\/v2\/media?parent=4470"}],"wp:term":[{"taxonomy":"category","embeddable":true,"href":"https:\/\/www.conselharan.org\/ca\/wp-json\/wp\/v2\/categories?post=4470"},{"taxonomy":"post_tag","embeddable":true,"href":"https:\/\/www.conselharan.org\/ca\/wp-json\/wp\/v2\/tags?post=4470"}],"curies":[{"name":"wp","href":"https:\/\/api.w.org\/{rel}","templated":true}]}}