{"id":4480,"date":"2014-08-12T18:23:24","date_gmt":"2014-08-12T16:23:24","guid":{"rendered":"http:\/\/www.conselharan.org\/eth-conselh-generau-recep-ara-seccion-femenina-deth-rcd-espanyol-que-se-trape-ena-val-daran-en-tot-realizar-eth-son-stage-de-pretemporada-2\/"},"modified":"2014-08-12T18:27:17","modified_gmt":"2014-08-12T16:27:17","slug":"eth-conselh-generau-recep-ara-seccion-femenina-deth-rcd-espanyol-que-se-trape-ena-val-daran-en-tot-realizar-eth-son-stage-de-pretemporada","status":"publish","type":"post","link":"https:\/\/www.conselharan.org\/ca\/eth-conselh-generau-recep-ara-seccion-femenina-deth-rcd-espanyol-que-se-trape-ena-val-daran-en-tot-realizar-eth-son-stage-de-pretemporada\/","title":{"rendered":"El Conselh Generau rep a la secci\u00f3 femenina del RCD Espanyol que es troba a la Val d\u2019Aran realitzant el seu stage de pretemporada"},"content":{"rendered":"<p><strong>La secci\u00f3 femenina de Barcelona repeteix el seu stage a la Val d\u2019Aran entrenant en el camp de futbol de Naut Aran<\/strong><\/p>\n<p><strong>La Val d\u2019Aran porta alguns anys rebent la visita diferents equips esportius d&#8217;elit pendent la temporada d&#8217;estiu, entre ells el primer equip blanc i blau<\/strong><\/p>\n<p><a href=\"http:\/\/www.conselharan.org\/wp-content\/uploads\/2014\/08\/rcd-femenin.jpg\"><img loading=\"lazy\" decoding=\"async\" class=\"aligncenter size-large wp-image-4477\" alt=\"rcd femenin\" src=\"http:\/\/www.conselharan.org\/wp-content\/uploads\/2014\/08\/rcd-femenin-1024x685.jpg\" width=\"1024\" height=\"685\" srcset=\"https:\/\/www.conselharan.org\/wp-content\/uploads\/2014\/08\/rcd-femenin-1024x685.jpg 1024w, https:\/\/www.conselharan.org\/wp-content\/uploads\/2014\/08\/rcd-femenin-300x200.jpg 300w\" sizes=\"(max-width: 1024px) 100vw, 1024px\" \/><\/a><\/p>\n<p>El conselh\u00e8r de Governaci\u00f3 d\u2019Aran, <strong>Frances Medan<\/strong>, ha rebut a la plantilla del femen\u00ed del RCD Espanyol que es troben a la Val d\u2019Aran pendent tres dies per realitzar part de la seva pretemporada d\u2019estiu.<\/p>\n<p>L&#8217;equip catal\u00e0 \u00e9s el segon any que realitzi a la Val d\u2019Aran el seu stage, allotjant-se a Vielha i entrenant en el camp de futbol de Naut Aran. Des del club estan satisfets per les condicions que ofereix la Val d\u2019Aran a nivell d&#8217;instal\u2022lacions per poder desenvolupar la seva pretemporada.<\/p>\n<p><a href=\"http:\/\/www.conselharan.org\/wp-content\/uploads\/2014\/08\/rcd-femenin-2.jpg\"><img loading=\"lazy\" decoding=\"async\" class=\"aligncenter size-large wp-image-4476\" alt=\"rcd femenin 2\" src=\"http:\/\/www.conselharan.org\/wp-content\/uploads\/2014\/08\/rcd-femenin-2-1024x685.jpg\" width=\"1024\" height=\"685\" srcset=\"https:\/\/www.conselharan.org\/wp-content\/uploads\/2014\/08\/rcd-femenin-2-1024x685.jpg 1024w, https:\/\/www.conselharan.org\/wp-content\/uploads\/2014\/08\/rcd-femenin-2-300x200.jpg 300w\" sizes=\"(max-width: 1024px) 100vw, 1024px\" \/><\/a><\/p>\n<p><strong>\u201cDes del govern del Conselh Generau volem agrair que l&#8217;equip femen\u00ed del RCD Espanyol de Barcelona hagin escollit per segon any la Val d\u2019Aran per comen\u00e7ar a preparar la seva temporada i els desitgem for\u00e7a \u00e8xits\u201d<\/strong>, ha manifestat el conselh\u00e8r de Governaci\u00f3 d\u2019Aran<strong>, Frances Medan<\/strong>.<\/p>\n<p>La Val d\u2019Aran s&#8217;ha anat situant en els \u00faltims anys com la destinaci\u00f3 preferida per diversos equips d&#8217;elit de diferents esports per realitzar part de la seva preparaci\u00f3 f\u00edsica mesos abans de comen\u00e7ar la temporada.<\/p>\n ","protected":false},"excerpt":{"rendered":"<p>La secci\u00f3 femenina de Barcelona repeteix el seu stage a la Val d\u2019Aran entrenant en el camp de futbol de Naut Aran La Val d\u2019Aran porta alguns anys rebent la visita diferents equips esportius d&#8217;elit pendent la temporada d&#8217;estiu, entre ells el primer equip blanc i blau El conselh\u00e8r de Governaci\u00f3 d\u2019Aran, Frances Medan, ha&#8230;<\/p>\n","protected":false},"author":2,"featured_media":4477,"comment_status":"closed","ping_status":"closed","sticky":false,"template":"","format":"standard","meta":{"footnotes":""},"categories":[31,33,36],"tags":[],"_links":{"self":[{"href":"https:\/\/www.conselharan.org\/ca\/wp-json\/wp\/v2\/posts\/4480"}],"collection":[{"href":"https:\/\/www.conselharan.org\/ca\/wp-json\/wp\/v2\/posts"}],"about":[{"href":"https:\/\/www.conselharan.org\/ca\/wp-json\/wp\/v2\/types\/post"}],"author":[{"embeddable":true,"href":"https:\/\/www.conselharan.org\/ca\/wp-json\/wp\/v2\/users\/2"}],"replies":[{"embeddable":true,"href":"https:\/\/www.conselharan.org\/ca\/wp-json\/wp\/v2\/comments?post=4480"}],"version-history":[{"count":2,"href":"https:\/\/www.conselharan.org\/ca\/wp-json\/wp\/v2\/posts\/4480\/revisions"}],"predecessor-version":[{"id":4482,"href":"https:\/\/www.conselharan.org\/ca\/wp-json\/wp\/v2\/posts\/4480\/revisions\/4482"}],"wp:featuredmedia":[{"embeddable":true,"href":"https:\/\/www.conselharan.org\/ca\/wp-json\/wp\/v2\/media\/4477"}],"wp:attachment":[{"href":"https:\/\/www.conselharan.org\/ca\/wp-json\/wp\/v2\/media?parent=4480"}],"wp:term":[{"taxonomy":"category","embeddable":true,"href":"https:\/\/www.conselharan.org\/ca\/wp-json\/wp\/v2\/categories?post=4480"},{"taxonomy":"post_tag","embeddable":true,"href":"https:\/\/www.conselharan.org\/ca\/wp-json\/wp\/v2\/tags?post=4480"}],"curies":[{"name":"wp","href":"https:\/\/api.w.org\/{rel}","templated":true}]}}