{"id":44883,"date":"2021-09-30T14:05:59","date_gmt":"2021-09-30T12:05:59","guid":{"rendered":"https:\/\/www.conselharan.org\/?p=44883"},"modified":"2021-09-30T14:05:59","modified_gmt":"2021-09-30T12:05:59","slug":"el-conselh-generau-daran-organitza-lacte-de-commemoracio-del-tractat-de-lies-e-patzeries","status":"publish","type":"post","link":"https:\/\/www.conselharan.org\/ca\/el-conselh-generau-daran-organitza-lacte-de-commemoracio-del-tractat-de-lies-e-patzeries\/","title":{"rendered":"El Conselh Generau d\u2019Aran organitza l&#8217;acte de commemoraci\u00f3 del tractat de Lies e Patzeries"},"content":{"rendered":"<p><a href=\"https:\/\/www.conselharan.org\/wp-content\/uploads\/2021\/09\/Lies-e-Patzeries.jpg\"><img loading=\"lazy\" decoding=\"async\" class=\"alignnone size-full wp-image-44879\" src=\"https:\/\/www.conselharan.org\/wp-content\/uploads\/2021\/09\/Lies-e-Patzeries.jpg\" alt=\"\" width=\"2560\" height=\"1438\" \/><\/a><\/p>\n<p>\u2022<strong> Durant aquesta jornada de cooperaci\u00f3 transfronterera, la s\u00edndica d&#8217;Aran ha aprofitat per a tornar a reclamar, de manera conjunta amb els representants de la Communaut\u00e9 de Communes Pyr\u00e9n\u00e9es Haut Garonnaises, l&#8217;obertura del pas del Portilhon de manera urgent i recuperar aix\u00ed la din\u00e0mica de cooperaci\u00f3 i ve\u00efnatge entre Aran i Comminges<\/strong><\/p>\n<p>Aquest mat\u00ed ha tingut lloc l&#8217;acte de commemoraci\u00f3 dels 508 anys del tractat de Lies e Patzeries a la localitat de Fos, ajornat enguany a causa de la pand\u00e8mia, i que ha estat presidit per la s\u00edndica d&#8217;Aran, Maria Verg\u00e9s, i el president de la Communaut\u00e9 de Communes Pyr\u00e9n\u00e9es Haut-Garonnaises, Alain Puente, i que ha comptat tamb\u00e9 amb la participaci\u00f3 dels consellers d&#8217;Esports, Amador Marqu\u00e8s, i Territori, Paisatge i Gesti\u00f3 Ambiental, Franc\u00e9s Bruna, el conseiller d\u00e9partamental i president de Haute-Garonne Tourisme, Didier Coujives, el director general del Comit\u00e8 D\u00e9partamental du Tourisme de Haute-Garonne, Jean Micoud, i la sous-pr\u00e9f\u00e8te de Saint-Gaudens, Marie-Paule Demiguel, entre altres.<\/p>\n<p>Un acte commemoratiu dedicat a la cooperaci\u00f3 transfronterera, on el govern aran\u00e8s i els representants de la Communaut\u00e9 de Communes Pyr\u00e9n\u00e9es Haut Garonnaises han reclamat conjuntament la necessitat de la reobertura de la frontera del Portilhon, tancada el mes de gener passat de manera unilateral per part de l&#8217;Estat Franc\u00e8s.<\/p>\n<p>En aquest sentit, la s\u00edndica d&#8217;Aran tornava a reclamar: \u201cdes del Conselh Generau entenem que, en el marc actual de la Uni\u00f3 Europea i sobretot dins de l&#8217;espai Schengen, aquest tancament de la frontera \u00e9s insostenible i greu per al dret a la mobilitat i lliure circulaci\u00f3 dels ciutadans membres de la UE\u201d i afegia: \u201cel Portilhon \u00e9s un pas molt important per als habitants d&#8217;Aran i del territori de Comminges, i especialment per a les poblacions de Boss\u00f2st i Luchon, que necessiten aquesta via per a complementar serveis comercials, sanitaris, esportius o educatius, entre altres, i \u00e9s urgent recuperar la seva din\u00e0mica de cooperaci\u00f3 i ve\u00efnatge\u201d.<\/p>\n<p>Durant aquesta jornada, s&#8217;ha fet tamb\u00e9 un rep\u00e0s als diferents projectes compartits entre el Conselh Generau d\u2019Aran i la Communaut\u00e9 de communes Pyr\u00e9n\u00e9es Haut Garonnaises, com \u00e9s el cas del cam\u00ed ciclable TransGarona, que connectar\u00e0 la Val d&#8217;Aran amb el centre sud de Fran\u00e7a, o el cam\u00ed de Sant Jaume Aran-Pirineus, que es va presentar de manera oficial aquest estiu i que porta als pelegrins des de Sant Bertrand de Comminges fins al cam\u00ed de Sant Jaume catal\u00e0, travessant la Val d&#8217;Aran, l&#8217;Alta Ribagor\u00e7a i Osca.<\/p>\n<p>&nbsp;<\/p>\n<p>&nbsp;<\/p>\n<p><em>Vielha, 30 de setembre de 2021<\/em><\/p>\n ","protected":false},"excerpt":{"rendered":"<p>\u2022 Durant aquesta jornada de cooperaci\u00f3 transfronterera, la s\u00edndica d&#8217;Aran ha aprofitat per a tornar a reclamar, de manera conjunta amb els representants de la Communaut\u00e9 de Communes Pyr\u00e9n\u00e9es Haut Garonnaises, l&#8217;obertura del pas del Portilhon de manera urgent i recuperar aix\u00ed la din\u00e0mica de cooperaci\u00f3 i ve\u00efnatge entre Aran i Comminges Aquest mat\u00ed ha&#8230;<\/p>\n","protected":false},"author":10,"featured_media":44879,"comment_status":"closed","ping_status":"closed","sticky":false,"template":"","format":"standard","meta":{"footnotes":""},"categories":[53],"tags":[],"_links":{"self":[{"href":"https:\/\/www.conselharan.org\/ca\/wp-json\/wp\/v2\/posts\/44883"}],"collection":[{"href":"https:\/\/www.conselharan.org\/ca\/wp-json\/wp\/v2\/posts"}],"about":[{"href":"https:\/\/www.conselharan.org\/ca\/wp-json\/wp\/v2\/types\/post"}],"author":[{"embeddable":true,"href":"https:\/\/www.conselharan.org\/ca\/wp-json\/wp\/v2\/users\/10"}],"replies":[{"embeddable":true,"href":"https:\/\/www.conselharan.org\/ca\/wp-json\/wp\/v2\/comments?post=44883"}],"version-history":[{"count":1,"href":"https:\/\/www.conselharan.org\/ca\/wp-json\/wp\/v2\/posts\/44883\/revisions"}],"predecessor-version":[{"id":44884,"href":"https:\/\/www.conselharan.org\/ca\/wp-json\/wp\/v2\/posts\/44883\/revisions\/44884"}],"wp:featuredmedia":[{"embeddable":true,"href":"https:\/\/www.conselharan.org\/ca\/wp-json\/wp\/v2\/media\/44879"}],"wp:attachment":[{"href":"https:\/\/www.conselharan.org\/ca\/wp-json\/wp\/v2\/media?parent=44883"}],"wp:term":[{"taxonomy":"category","embeddable":true,"href":"https:\/\/www.conselharan.org\/ca\/wp-json\/wp\/v2\/categories?post=44883"},{"taxonomy":"post_tag","embeddable":true,"href":"https:\/\/www.conselharan.org\/ca\/wp-json\/wp\/v2\/tags?post=44883"}],"curies":[{"name":"wp","href":"https:\/\/api.w.org\/{rel}","templated":true}]}}