{"id":45270,"date":"2021-10-22T12:41:59","date_gmt":"2021-10-22T10:41:59","guid":{"rendered":"https:\/\/www.conselharan.org\/era-sindica-daran-inicie-ua-ronda-de-visites-as-tercons-dera-val-daran\/"},"modified":"2021-10-22T12:46:18","modified_gmt":"2021-10-22T10:46:18","slug":"era-sindica-daran-inicie-ua-ronda-de-visites-as-tercons-dera-val-daran","status":"publish","type":"post","link":"https:\/\/www.conselharan.org\/ca\/era-sindica-daran-inicie-ua-ronda-de-visites-as-tercons-dera-val-daran\/","title":{"rendered":"La s\u00edndica d&#8217;Aran inicia una ronda de visites als ter\u00e7ons de la Val d&#8217;Aran"},"content":{"rendered":"<p><a href=\"https:\/\/www.conselharan.org\/wp-content\/uploads\/2021\/10\/Visita-as-ter\u00e7ons_NautAran_AR-scaled.jpg\"><img loading=\"lazy\" decoding=\"async\" class=\"aligncenter wp-image-45262 size-large\" src=\"https:\/\/www.conselharan.org\/wp-content\/uploads\/2021\/10\/Visita-as-ter\u00e7ons_NautAran_AR-819x1024.jpg\" alt=\"\" width=\"819\" height=\"1024\" srcset=\"https:\/\/www.conselharan.org\/wp-content\/uploads\/2021\/10\/Visita-as-ter\u00e7ons_NautAran_AR-819x1024.jpg 819w, https:\/\/www.conselharan.org\/wp-content\/uploads\/2021\/10\/Visita-as-ter\u00e7ons_NautAran_AR-240x300.jpg 240w, https:\/\/www.conselharan.org\/wp-content\/uploads\/2021\/10\/Visita-as-ter\u00e7ons_NautAran_AR-768x960.jpg 768w, https:\/\/www.conselharan.org\/wp-content\/uploads\/2021\/10\/Visita-as-ter\u00e7ons_NautAran_AR-1229x1536.jpg 1229w, https:\/\/www.conselharan.org\/wp-content\/uploads\/2021\/10\/Visita-as-ter\u00e7ons_NautAran_AR-1638x2048.jpg 1638w, https:\/\/www.conselharan.org\/wp-content\/uploads\/2021\/10\/Visita-as-ter\u00e7ons_NautAran_AR-scaled.jpg 2048w\" sizes=\"(max-width: 819px) 100vw, 819px\" \/><\/a><\/p>\n<ul>\n<li>\n<h3><strong>Durant aquestes visites, la s\u00edndica es reunir\u00e0 amb els alcaldes i alcaldesses de cada ter\u00e7on i s&#8217;entrevistar\u00e0 amb la ciutadania que, amb cita pr\u00e8via, vulgui reunir-se amb ella i amb els consellers i conselleres del govern en cada ter\u00e7on per a plantejar-los els assumptes que considerin<\/strong><\/h3>\n<\/li>\n<\/ul>\n<p>La s\u00edndica d&#8217;Aran, Maria Verg\u00e9s, acompanyada pels consellers i conselleres del govern en cada ter\u00e7on, iniciar\u00e0 en els pr\u00f2xims dies una ronda de visites als diferents ter\u00e7ons de la Val d&#8217;Aran per a reunir-se amb els alcaldes i alcaldesses, rebre a la ciutadania que tingui algun assumpte a exposar i con\u00e8ixer aix\u00ed de primera m\u00e0 les necessitats de cada endret.<\/p>\n<p>\u201cUna de les coses que volem potenciar \u00e9s la proximitat amb la ciutadania aranesa, conscients que la transpar\u00e8ncia i la comunicaci\u00f3 s\u00f3n q\u00fcestions claus per a, d&#8217;una banda, donar a con\u00e8ixer el treball que el govern d&#8217;Aran duu a terme i, per l&#8217;altre, rebre les opinions i preocupacions dels nostres ve\u00efns i ve\u00efnes\u201d, explicava la s\u00edndica d&#8217;Aran, afegint que: \u201caquesta era una acci\u00f3 que fa molt temps que ten\u00edem planejada, per\u00f2 que a causa de la pand\u00e8mia vam haver d&#8217;ajornar fins que la situaci\u00f3 sanit\u00e0ria es torn\u00e9s m\u00e9s estable\u201d.<\/p>\n<p>Aquest divendres, 29 d&#8217;octubre, la s\u00edndica visitar\u00e0 els ter\u00e7ons de Puj\u00f2lo i Arties e Gar\u00f2s. Les persones que vulguin reunir-se amb ella i els consellers del govern, podran sol\u00b7licitar-lo enviant un email a <a href=\"mailto:sindicatura@aran.org\">sindicatura@aran.org<\/a> o telefonant al 973 64 15 49.<\/p>\n ","protected":false},"excerpt":{"rendered":"<p>Durant aquestes visites, la s\u00edndica es reunir\u00e0 amb els alcaldes i alcaldesses de cada ter\u00e7on i s&#8217;entrevistar\u00e0 amb la ciutadania que, amb cita pr\u00e8via, vulgui reunir-se amb ella i amb els consellers i conselleres del govern en cada ter\u00e7on per a plantejar-los els assumptes que considerin La s\u00edndica d&#8217;Aran, Maria Verg\u00e9s, acompanyada pels consellers i&#8230;<\/p>\n","protected":false},"author":10,"featured_media":45263,"comment_status":"closed","ping_status":"closed","sticky":false,"template":"","format":"standard","meta":{"footnotes":""},"categories":[],"tags":[],"_links":{"self":[{"href":"https:\/\/www.conselharan.org\/ca\/wp-json\/wp\/v2\/posts\/45270"}],"collection":[{"href":"https:\/\/www.conselharan.org\/ca\/wp-json\/wp\/v2\/posts"}],"about":[{"href":"https:\/\/www.conselharan.org\/ca\/wp-json\/wp\/v2\/types\/post"}],"author":[{"embeddable":true,"href":"https:\/\/www.conselharan.org\/ca\/wp-json\/wp\/v2\/users\/10"}],"replies":[{"embeddable":true,"href":"https:\/\/www.conselharan.org\/ca\/wp-json\/wp\/v2\/comments?post=45270"}],"version-history":[{"count":1,"href":"https:\/\/www.conselharan.org\/ca\/wp-json\/wp\/v2\/posts\/45270\/revisions"}],"predecessor-version":[{"id":45271,"href":"https:\/\/www.conselharan.org\/ca\/wp-json\/wp\/v2\/posts\/45270\/revisions\/45271"}],"wp:featuredmedia":[{"embeddable":true,"href":"https:\/\/www.conselharan.org\/ca\/wp-json\/wp\/v2\/media\/45263"}],"wp:attachment":[{"href":"https:\/\/www.conselharan.org\/ca\/wp-json\/wp\/v2\/media?parent=45270"}],"wp:term":[{"taxonomy":"category","embeddable":true,"href":"https:\/\/www.conselharan.org\/ca\/wp-json\/wp\/v2\/categories?post=45270"},{"taxonomy":"post_tag","embeddable":true,"href":"https:\/\/www.conselharan.org\/ca\/wp-json\/wp\/v2\/tags?post=45270"}],"curies":[{"name":"wp","href":"https:\/\/api.w.org\/{rel}","templated":true}]}}