{"id":4540,"date":"2014-08-20T10:56:45","date_gmt":"2014-08-20T08:56:45","guid":{"rendered":"http:\/\/www.conselharan.org\/?p=4540"},"modified":"2014-08-20T10:56:45","modified_gmt":"2014-08-20T08:56:45","slug":"el-conselh-generau-daran-col%e2%80%a2labora-amb-lajuntament-de-vilamos-per-la-redaccio-dun-pla-especial-que-permeti-la-instal%e2%80%a2lacio-dun-camp-de-tir-en-el-seu-munic","status":"publish","type":"post","link":"https:\/\/www.conselharan.org\/ca\/el-conselh-generau-daran-col%e2%80%a2labora-amb-lajuntament-de-vilamos-per-la-redaccio-dun-pla-especial-que-permeti-la-instal%e2%80%a2lacio-dun-camp-de-tir-en-el-seu-munic\/","title":{"rendered":"El Conselh Generau d\u2019Aran col\u2022labora amb l&#8217;Ajuntament de Vilam\u00f2s per la redacci\u00f3 d\u2019un pla especial que permeti la instal\u2022laci\u00f3 d\u2019un camp de tir en el seu municipi"},"content":{"rendered":"<p><a href=\"http:\/\/www.conselharan.org\/wp-content\/uploads\/2014\/08\/tiro-al-volo.jpg\"><img loading=\"lazy\" decoding=\"async\" class=\"aligncenter size-full wp-image-4538\" alt=\"tiro-al-volo\" src=\"http:\/\/www.conselharan.org\/wp-content\/uploads\/2014\/08\/tiro-al-volo.jpg\" width=\"800\" height=\"600\" srcset=\"https:\/\/www.conselharan.org\/wp-content\/uploads\/2014\/08\/tiro-al-volo.jpg 800w, https:\/\/www.conselharan.org\/wp-content\/uploads\/2014\/08\/tiro-al-volo-300x225.jpg 300w\" sizes=\"(max-width: 800px) 100vw, 800px\" \/><\/a><\/p>\n<p>El Conselh Generau d\u2019Aran i l&#8217;Ajuntament de Vilam\u00f2s han firmat un conveni de col\u2022laboraci\u00f3 pel qual el Govern aran\u00e8s aportar\u00e0 fins un m\u00e0xim de 6.000\u20ac per l&#8217;elaboraci\u00f3 d\u2019un pla especial que permeti la instal\u2022laci\u00f3 d\u2019un camp de tir en el seu municipi.<\/p>\n<p>El lloc proposat \u00e9s una antiga explotaci\u00f3 de llosa que es troba en el km. 4, a mig cam\u00ed entre Pont d\u2019Arr\u00f2s i el poble de Vilam\u00f2s. \u00c9s un espai que facilita for\u00e7a la instal\u2022laci\u00f3 d\u2019aquest equipament ja que l&#8217;actual esplanada producte de l&#8217;explotaci\u00f3 de llosera permetr\u00e0 construir les instal\u2022lacions sense necessitat de moviments de material i per un altre costat s\u2019aprofitar\u00e0 aquesta instal\u2022laci\u00f3 per re vegetar l&#8217;entorn i obtenir un conjunt for\u00e7a m\u00e9s integrat.<\/p>\n<p>Aquesta actuaci\u00f3, que compta amb el suport de la <strong>Societat de Ca\u00e7a i Pesca de la Val d\u2019Aran<\/strong>, ha de poder permetre a tots els practicants de tir al plat poder realitzar la seva afici\u00f3 a la Val d\u2019Aran sense haver de despla\u00e7ar-se, com ara estan fent, a Fran\u00e7a.<\/p>\n<p>En paraules del conselh\u00e8r del ter\u00e7on de Lairissa, <strong>Frances Medan, \u201caquest equipament ha de ser un atractiu m\u00e9s per al ter\u00e7on de Lairissa i un incentiu per que els practicants del tir al plat, despr\u00e9s de l&#8217;activitat, visitin les poblacions d\u2019Arres i Vilam\u00f2s\u201d.<\/strong> L&#8217;alcalde de Vilam\u00f2s,<strong> Frances Castet,<\/strong> ha afegit que <strong>\u201caix\u00ed dinamitzem els pobles\u201d<\/strong>.<\/p>\n ","protected":false},"excerpt":{"rendered":"<p>El Conselh Generau d\u2019Aran i l&#8217;Ajuntament de Vilam\u00f2s han firmat un conveni de col\u2022laboraci\u00f3 pel qual el Govern aran\u00e8s aportar\u00e0 fins un m\u00e0xim de 6.000\u20ac per l&#8217;elaboraci\u00f3 d\u2019un pla especial que permeti la instal\u2022laci\u00f3 d\u2019un camp de tir en el seu municipi. El lloc proposat \u00e9s una antiga explotaci\u00f3 de llosa que es troba en&#8230;<\/p>\n","protected":false},"author":2,"featured_media":4538,"comment_status":"closed","ping_status":"closed","sticky":false,"template":"","format":"standard","meta":{"footnotes":""},"categories":[31,33,36],"tags":[],"_links":{"self":[{"href":"https:\/\/www.conselharan.org\/ca\/wp-json\/wp\/v2\/posts\/4540"}],"collection":[{"href":"https:\/\/www.conselharan.org\/ca\/wp-json\/wp\/v2\/posts"}],"about":[{"href":"https:\/\/www.conselharan.org\/ca\/wp-json\/wp\/v2\/types\/post"}],"author":[{"embeddable":true,"href":"https:\/\/www.conselharan.org\/ca\/wp-json\/wp\/v2\/users\/2"}],"replies":[{"embeddable":true,"href":"https:\/\/www.conselharan.org\/ca\/wp-json\/wp\/v2\/comments?post=4540"}],"version-history":[{"count":1,"href":"https:\/\/www.conselharan.org\/ca\/wp-json\/wp\/v2\/posts\/4540\/revisions"}],"predecessor-version":[{"id":4541,"href":"https:\/\/www.conselharan.org\/ca\/wp-json\/wp\/v2\/posts\/4540\/revisions\/4541"}],"wp:featuredmedia":[{"embeddable":true,"href":"https:\/\/www.conselharan.org\/ca\/wp-json\/wp\/v2\/media\/4538"}],"wp:attachment":[{"href":"https:\/\/www.conselharan.org\/ca\/wp-json\/wp\/v2\/media?parent=4540"}],"wp:term":[{"taxonomy":"category","embeddable":true,"href":"https:\/\/www.conselharan.org\/ca\/wp-json\/wp\/v2\/categories?post=4540"},{"taxonomy":"post_tag","embeddable":true,"href":"https:\/\/www.conselharan.org\/ca\/wp-json\/wp\/v2\/tags?post=4540"}],"curies":[{"name":"wp","href":"https:\/\/api.w.org\/{rel}","templated":true}]}}