{"id":45458,"date":"2021-11-08T12:42:53","date_gmt":"2021-11-08T11:42:53","guid":{"rendered":"https:\/\/www.conselharan.org\/se-confirme-1-cas-positiu-per-covid-19-pendent-era-dimenjada\/"},"modified":"2021-11-08T12:45:01","modified_gmt":"2021-11-08T11:45:01","slug":"se-confirme-1-cas-positiu-per-covid-19-pendent-era-dimenjada","status":"publish","type":"post","link":"https:\/\/www.conselharan.org\/ca\/se-confirme-1-cas-positiu-per-covid-19-pendent-era-dimenjada\/","title":{"rendered":"Confirmat 1 cas positiu per COVID-19 durant el cap de setmana"},"content":{"rendered":"<p><a href=\"https:\/\/www.conselharan.org\/wp-content\/uploads\/2021\/11\/Actualizacion-donades-COVID.png\"><img loading=\"lazy\" decoding=\"async\" class=\"aligncenter wp-image-45449 size-large\" src=\"https:\/\/www.conselharan.org\/wp-content\/uploads\/2021\/11\/Actualizacion-donades-COVID-1024x1024.png\" alt=\"\" width=\"1024\" height=\"1024\" srcset=\"https:\/\/www.conselharan.org\/wp-content\/uploads\/2021\/11\/Actualizacion-donades-COVID-1024x1024.png 1024w, https:\/\/www.conselharan.org\/wp-content\/uploads\/2021\/11\/Actualizacion-donades-COVID-300x300.png 300w, https:\/\/www.conselharan.org\/wp-content\/uploads\/2021\/11\/Actualizacion-donades-COVID-150x150.png 150w, https:\/\/www.conselharan.org\/wp-content\/uploads\/2021\/11\/Actualizacion-donades-COVID-768x768.png 768w, https:\/\/www.conselharan.org\/wp-content\/uploads\/2021\/11\/Actualizacion-donades-COVID-270x270.png 270w, https:\/\/www.conselharan.org\/wp-content\/uploads\/2021\/11\/Actualizacion-donades-COVID-207x207.png 207w, https:\/\/www.conselharan.org\/wp-content\/uploads\/2021\/11\/Actualizacion-donades-COVID-75x75.png 75w, https:\/\/www.conselharan.org\/wp-content\/uploads\/2021\/11\/Actualizacion-donades-COVID.png 1080w\" sizes=\"(max-width: 1024px) 100vw, 1024px\" \/><\/a><\/p>\n<ul>\n<li>\n<h3><strong>Actualment no hi ha cap persona ingressada a la planta COVID-19 de l\u2019Espitau Val d\u2019Aran<\/strong><\/h3>\n<\/li>\n<\/ul>\n<p>Aquest cas va ser detectat el passat dia 5 de novembre.<\/p>\n<p>El govern del Conselh Generau d\u2019Aran recorda la necessitat de seguir les mesures preventives establertes per les autoritats sanit\u00e0ries, aix\u00ed com la import\u00e0ncia de vacunar-se.<\/p>\n ","protected":false},"excerpt":{"rendered":"<p>Actualment no hi ha cap persona ingressada a la planta COVID-19 de l\u2019Espitau Val d\u2019Aran Aquest cas va ser detectat el passat dia 5 de novembre. El govern del Conselh Generau d\u2019Aran recorda la necessitat de seguir les mesures preventives establertes per les autoritats sanit\u00e0ries, aix\u00ed com la import\u00e0ncia de vacunar-se.<\/p>\n","protected":false},"author":10,"featured_media":45450,"comment_status":"closed","ping_status":"closed","sticky":false,"template":"","format":"standard","meta":{"footnotes":""},"categories":[33,805],"tags":[],"_links":{"self":[{"href":"https:\/\/www.conselharan.org\/ca\/wp-json\/wp\/v2\/posts\/45458"}],"collection":[{"href":"https:\/\/www.conselharan.org\/ca\/wp-json\/wp\/v2\/posts"}],"about":[{"href":"https:\/\/www.conselharan.org\/ca\/wp-json\/wp\/v2\/types\/post"}],"author":[{"embeddable":true,"href":"https:\/\/www.conselharan.org\/ca\/wp-json\/wp\/v2\/users\/10"}],"replies":[{"embeddable":true,"href":"https:\/\/www.conselharan.org\/ca\/wp-json\/wp\/v2\/comments?post=45458"}],"version-history":[{"count":1,"href":"https:\/\/www.conselharan.org\/ca\/wp-json\/wp\/v2\/posts\/45458\/revisions"}],"predecessor-version":[{"id":45459,"href":"https:\/\/www.conselharan.org\/ca\/wp-json\/wp\/v2\/posts\/45458\/revisions\/45459"}],"wp:featuredmedia":[{"embeddable":true,"href":"https:\/\/www.conselharan.org\/ca\/wp-json\/wp\/v2\/media\/45450"}],"wp:attachment":[{"href":"https:\/\/www.conselharan.org\/ca\/wp-json\/wp\/v2\/media?parent=45458"}],"wp:term":[{"taxonomy":"category","embeddable":true,"href":"https:\/\/www.conselharan.org\/ca\/wp-json\/wp\/v2\/categories?post=45458"},{"taxonomy":"post_tag","embeddable":true,"href":"https:\/\/www.conselharan.org\/ca\/wp-json\/wp\/v2\/tags?post=45458"}],"curies":[{"name":"wp","href":"https:\/\/api.w.org\/{rel}","templated":true}]}}