{"id":4548,"date":"2014-08-22T12:03:48","date_gmt":"2014-08-22T10:03:48","guid":{"rendered":"http:\/\/www.conselharan.org\/?p=4548"},"modified":"2014-08-22T12:04:26","modified_gmt":"2014-08-22T10:04:26","slug":"el-conselh-generau-daran-millora-el-servei-de-transport-interior","status":"publish","type":"post","link":"https:\/\/www.conselharan.org\/ca\/el-conselh-generau-daran-millora-el-servei-de-transport-interior\/","title":{"rendered":"El Conselh Generau d\u2019Aran millora el servei de transport interior"},"content":{"rendered":"<p><a href=\"http:\/\/www.conselharan.org\/wp-content\/uploads\/2014\/08\/parada_bus_Es-Bordes.jpg\"><img loading=\"lazy\" decoding=\"async\" class=\"aligncenter size-large wp-image-4546\" alt=\"parada_bus_Es Bordes\" src=\"http:\/\/www.conselharan.org\/wp-content\/uploads\/2014\/08\/parada_bus_Es-Bordes-1024x768.jpg\" width=\"1024\" height=\"768\" srcset=\"https:\/\/www.conselharan.org\/wp-content\/uploads\/2014\/08\/parada_bus_Es-Bordes-1024x768.jpg 1024w, https:\/\/www.conselharan.org\/wp-content\/uploads\/2014\/08\/parada_bus_Es-Bordes-300x225.jpg 300w, https:\/\/www.conselharan.org\/wp-content\/uploads\/2014\/08\/parada_bus_Es-Bordes.jpg 2048w\" sizes=\"(max-width: 1024px) 100vw, 1024px\" \/><\/a><\/p>\n<p>El Conselh Generau d\u2019Aran, ha instal\u2022lat pendent aquests \u00faltims dies dues noves marquesines en els pobles d\u2019Es B\u00f2rdes i Casau, i ha adaptat quatre nous punts de parada per donar servei de transport p\u00fablic en el Pont d\u2019Arr\u00f3 i a Era Bordeta. Amb aquestes millores del transport interior es compleixen els objectius que figuraven en la licitaci\u00f3 d\u2019aquest servei que es va formalitzar pendent el 2013.<\/p>\n<p>En paraules del sindic d\u2019Aran, <strong>Carlos Barrera, \u201camb aquestes millores donem compliment a la demana feta al Conselh Generau d\u2019Aran pels alcaldes de Casau, Es B\u00f2rdes i Vilam\u00f2s\u201d.<\/strong><\/p>\n<p>D\u2019altra banda, ja s\u2019han instal\u2022lat els 6 primers cartells informatius digitals a Les, Boss\u00f2st, Vielha, Arties i Salard\u00fa, amb l&#8217;objectiu de que l\u2019usuari tingui coneixements del temps d&#8217;espera del proper transport. Aquesta \u00e9s una acci\u00f3 que s\u2019emmarca dins de la millora de qualitat dels serveis.<\/p>\n<p>La conselh\u00e8ra de Turisme, Comer\u00e7 i Consum, <strong>Anna D\u00edaz,<\/strong> tamb\u00e9 ha assenyalat que,<strong> \u201cpendent els 6 primers mesos de l&#8217;any el n\u00famero d&#8217;usuaris del transport interior s\u2019ha incrementat quasi un 10%, en contraposici\u00f3 del que succeeix en d\u2019altres indrets on els usuaris del transport p\u00fablic s\u2019han incrementat molt lleugerament\u201d.<\/strong><\/p>\n<p><strong>\u201cAquestes dades ens confirmen que el treball realitzat pel Govern en la millora i racionalitzaci\u00f3 del servei del transport permet tenir a la Val d\u2019Aran un servei capdavanter en el transport interior. En aquests moments falta resoldre el transport nocturn. Des del govern estem estudiant diverses possibilitats amb l&#8217;objectiu de poder consolidar el transport nocturn abans d\u2019aquesta propera temporada d\u2019hivern\u201d<\/strong> ha explicat el s\u00edndic d\u2019Aran, <strong>Carlos Barrera.<\/strong><\/p>\n ","protected":false},"excerpt":{"rendered":"<p>El Conselh Generau d\u2019Aran, ha instal\u2022lat pendent aquests \u00faltims dies dues noves marquesines en els pobles d\u2019Es B\u00f2rdes i Casau, i ha adaptat quatre nous punts de parada per donar servei de transport p\u00fablic en el Pont d\u2019Arr\u00f3 i a Era Bordeta. Amb aquestes millores del transport interior es compleixen els objectius que figuraven en&#8230;<\/p>\n","protected":false},"author":2,"featured_media":4546,"comment_status":"closed","ping_status":"closed","sticky":false,"template":"","format":"standard","meta":{"footnotes":""},"categories":[31,53,33,36],"tags":[],"_links":{"self":[{"href":"https:\/\/www.conselharan.org\/ca\/wp-json\/wp\/v2\/posts\/4548"}],"collection":[{"href":"https:\/\/www.conselharan.org\/ca\/wp-json\/wp\/v2\/posts"}],"about":[{"href":"https:\/\/www.conselharan.org\/ca\/wp-json\/wp\/v2\/types\/post"}],"author":[{"embeddable":true,"href":"https:\/\/www.conselharan.org\/ca\/wp-json\/wp\/v2\/users\/2"}],"replies":[{"embeddable":true,"href":"https:\/\/www.conselharan.org\/ca\/wp-json\/wp\/v2\/comments?post=4548"}],"version-history":[{"count":1,"href":"https:\/\/www.conselharan.org\/ca\/wp-json\/wp\/v2\/posts\/4548\/revisions"}],"predecessor-version":[{"id":4549,"href":"https:\/\/www.conselharan.org\/ca\/wp-json\/wp\/v2\/posts\/4548\/revisions\/4549"}],"wp:featuredmedia":[{"embeddable":true,"href":"https:\/\/www.conselharan.org\/ca\/wp-json\/wp\/v2\/media\/4546"}],"wp:attachment":[{"href":"https:\/\/www.conselharan.org\/ca\/wp-json\/wp\/v2\/media?parent=4548"}],"wp:term":[{"taxonomy":"category","embeddable":true,"href":"https:\/\/www.conselharan.org\/ca\/wp-json\/wp\/v2\/categories?post=4548"},{"taxonomy":"post_tag","embeddable":true,"href":"https:\/\/www.conselharan.org\/ca\/wp-json\/wp\/v2\/tags?post=4548"}],"curies":[{"name":"wp","href":"https:\/\/api.w.org\/{rel}","templated":true}]}}